{"id":1436,"date":"2007-09-17T20:50:06","date_gmt":"2007-09-18T03:50:06","guid":{"rendered":"http:\/\/www.exportapymes.com\/comercio-exterior-america-esp\/el-instituto-espanol-de-comercio-exterior-icex-celebro-su-25-aniversario\/"},"modified":"2007-09-17T20:52:21","modified_gmt":"2007-09-18T03:52:21","slug":"el-instituto-espanol-de-comercio-exterior-icex-celebro-su-25-aniversario","status":"publish","type":"post","link":"https:\/\/www.exportapymes.com\/comercio-exterior-america-esp\/el-instituto-espanol-de-comercio-exterior-icex-celebro-su-25-aniversario\/","title":{"rendered":"El Instituto Espa\u00f1ol de Comercio Exterior (ICEX) celebr\u00f3 su 25 aniversario"},"content":{"rendered":"<p><strong>SAR el Pr\u00edncipe de Asturias<\/strong> ha presidido esta ma\u00f1ana la reuni\u00f3n del<strong> Consejo Extraordinario de Administraci\u00f3n del Instituto Espa\u00f1ol de Comercio<\/strong> <strong>Exterior (ICEX)<\/strong> con motivo de la celebraci\u00f3n de su <strong>25 aniversario<\/strong>. En el acto, le han acompa\u00f1ado el ministro de Industria, Turismo y Comercio,<strong> Joan Clos<\/strong>, y el vicepresidente ejecutivo de<strong> ICEX, \u00c1ngel Mart\u00edn Acebes<\/strong>.<br \/>\n<img loading=\"lazy\" decoding=\"async\" width=\"96\" src=\"http:\/\/www.exportapymes.com\/comercio-exterior-america-esp\/images\/otras\/icex-25.jpg\" alt=\"Instituto Espa\u00f1ol de Comercio Exterior (ICEX) - 25 aniversario\" height=\"77\" style=\"width: 96px; height: 77px\" title=\"Instituto Espa\u00f1ol de Comercio Exterior (ICEX) - 25 aniversario\" \/>  Se han tratado algunos de los principales asuntos que forman parte de la <strong>estrategia conjunta del ICEX y las empresas espa\u00f1olas en su proceso de internacionalizaci\u00f3n<\/strong>.<br \/>\n<!--more-->Este <strong>Consejo Extraordinario de Administraci\u00f3n del ICEX<\/strong> est\u00e1 compuesto de forma paritaria por representantes de la Administraci\u00f3n General del Estado, las 17 comunidades aut\u00f3nomas y las principales asociaciones sectoriales.<\/p>\n<p>Durante la celebraci\u00f3n de este Consejo Extraordinario de Administraci\u00f3n se han puesto de manifiesto algunos de los principales asuntos que en estos momentos forman parte de la <strong>estrategia conjunta del ICEX<\/strong> y las <strong>empresas espa\u00f1olas<\/strong> en su <strong>proceso de internacionalizaci\u00f3n<\/strong>.<\/p>\n<p>Uno de ellos ha sido el impulso que se le quiere dar a los dos grandes programas de iniciaci\u00f3n a la actividad exterior: el <strong>Plan de Iniciaci\u00f3n a la Promoci\u00f3n Exterior (PIPE)<\/strong> y <strong>Aprendiendo a Exportar<\/strong>. Del PIPE se ha destacado la magn\u00edfica acogida que ha tenido en su primera d\u00e9cada de existencia: m\u00e1s de <strong>4.994 peque\u00f1as y medianas empresas<\/strong> se han adherido al programa, constituyendo el 15 por ciento del total de las <strong>empresas exportadoras espa\u00f1olas<\/strong>.<\/p>\n<p>En cuanto al otro gran programa, <strong>Aprendiendo a Exportar<\/strong>-lanzado en 2005 para sensibilizar a las pymes no exportadoras sobre la importancia de la <strong>internacionalizaci\u00f3n para ser m\u00e1s competitivas<\/strong>&#8211; se han valorado muy positivamente sus resultados: hasta ahora, se han celebrado 17 jornadas en diversas ciudades espa\u00f1olas en las que han participado 7.036 empresas y casi 1.000 ya se han inscrito en el programa.<\/p>\n<p>Otro de los asuntos abordados en la reuni\u00f3n del Consejo de Administraci\u00f3n ha sido el <strong>Plan Integral de Desarrollo de Mercados (PIDM)<\/strong>. Este plan se puso en marcha a finales de 2004, en colaboraci\u00f3n con la CEOE con el fin de impulsar la <strong>diversificaci\u00f3n del comercio exterior<\/strong> y la inversi\u00f3n hacia nuevos mercados. Mediante una metodolog\u00eda basada en m\u00e1s de 20 indicadores, se identificaron once mercados con alto potencial para las empresas: Brasil, Marruecos, India, Jap\u00f3n, Argelia, Rusia, M\u00e9xico, EEUU, China, Corea del Sur y Turqu\u00eda.<\/p>\n<p>El favorable resultado de la aplicaci\u00f3n de los Planes Integrales de Desarrollo de Mercado (PIDM) en estos pa\u00edses queda de manifiesto en las cifras del \u00faltimo ejercicio. En 2006, las exportaciones a Rusia se han incrementado un 37,6% con respecto a 2005. En el mismo per\u00edodo, el aumento de las ventas espa\u00f1olas a Estados Unidos ha sido de un 22,9% y a Jap\u00f3n del 16,6%. Por este motivo, se ha decidido continuar impulsando este programa.<\/p>\n<p>La promoci\u00f3n de la imagen de Espa\u00f1a en el exterior ha sido otro de los motivos de debate en el Consejo Extraordinario del ICEX. En concreto, se ha estimado como muy positivo el impulso a la <strong>imagen tecnol\u00f3gica de Espa\u00f1a<\/strong> que se est\u00e1 realizando a trav\u00e9s del <strong>Plan de Internacionalizaci\u00f3n de la Tecnolog\u00eda<\/strong>. Este plan se puso en marcha en 2005 para mejorar la competitividad exterior de los sectores m\u00e1s innovadores, a trav\u00e9s de la coordinaci\u00f3n de diversos instrumentos de promoci\u00f3n, comunicaci\u00f3n y formaci\u00f3n necesarios y, de esta forma, reforzar la imagen internacional de Espa\u00f1a como sin\u00f3nimo de calidad y desarrollo tecnol\u00f3gico.<\/p>\n<p>Dentro de este plan, en 2006 se inici\u00f3 una campa\u00f1a de comunicaci\u00f3n con el lema \u201cEspa\u00f1a, Technology for Life\u201d que se viene publicando en revistas y prensa escrita de pa\u00edses como Jap\u00f3n, Estados Unidos, Rusia o India, entre otros. Adem\u00e1s, en este sentido se firmar\u00e1 un nuevo convenio con el Massachusetts Institute of Technology (MIT) por el que se realizar\u00e1n reportajes sobre los \u00e9xitos de los sectores y empresas espa\u00f1olas en la revista Technology Review.<\/p>\n<p>Por otra parte, se ha presentado el Plan de Apoyo a las Industrias Culturales, para aprovechar la demanda que tiene el espa\u00f1ol como valor econ\u00f3mico. El sector educativo-cultural se ha convertido en un poderoso instrumento que, adem\u00e1s de generar importantes recursos econ\u00f3micos, permite crear imagen-pa\u00eds lo que contribuye a desarrollar entornos de afinidad en los mercados exteriores e inducir a decisiones de compra.<\/p>\n<p>El Plan cuenta con un presupuesto para el periodo 2007-2009 de 20 millones de euros. Entre las actividades m\u00e1s se\u00f1aladas que se est\u00e1n realizando dentro de este plan destacan el Plan del Libro en Espa\u00f1ol en EEUU, el Plan de Derechos Editoriales en el Reino Unido, el apoyo a las empresas espa\u00f1olas en los eventos MIF Cannes y EFM Berl\u00edn, ambos de cine; en el MIP TV y MIPCOM en Cannes, de televisi\u00f3n y en MIDEM Cannes y POPKOMM Berl\u00edn, de m\u00fasica.<\/p>\n<p>En el marco de este Consejo de Administraci\u00f3n tambi\u00e9n se ha realizado una valoraci\u00f3n positiva de la buena evoluci\u00f3n de las exportaciones del sector del vino y el aceite de oliva. Estos datos son especialmente elocuentes en un momento en el que se ha producido un reconocimiento internacional de la excelente calidad de la gastronom\u00eda espa\u00f1ola as\u00ed como de las virtudes de la dieta mediterr\u00e1nea.<\/p>\n<p>El Consejo Extraordinario de Administraci\u00f3n ha coincidido en fecha con la segunda vez que se ha reunido el Consejo Interterritorial de Internacionalizaci\u00f3n en pleno. En el contexto de esta reuni\u00f3n se ha presentado el Plan de Promoci\u00f3n conjunta de Productos Agroalimentarios en China. Este programa ya se hab\u00eda acordado el pasado 23 de enero en el Comit\u00e9 de Promoci\u00f3n Exterior del Consejo.<\/p>\n<p>En esta l\u00ednea de promoci\u00f3n del sector agroalimentario en China, otro tema tratado ha sido la pr\u00f3xima inauguraci\u00f3n del pabell\u00f3n oficial espa\u00f1ol en la feria Food &amp; Hotel Asia por parte del Pr\u00edncipe de Asturias. Esta feria tendr\u00e1 lugar en Shanghai del 14 al 16 de noviembre.<\/p>\n<p>El Consejo Interterritorial de Internacionalizaci\u00f3n fue creado para la colaboraci\u00f3n y promoci\u00f3n conjunta entre las entidades p\u00fablicas y privadas para impulsar la internacionalizaci\u00f3n de la empresa espa\u00f1ola, mediante la implantaci\u00f3n de pol\u00edticas de <strong>promoci\u00f3n en el exterior<\/strong> y de atracci\u00f3n de inversiones extranjeras hacia Espa\u00f1a.<\/p>\n","protected":false},"excerpt":{"rendered":"<p>SAR el Pr\u00edncipe de Asturias ha presidido esta ma\u00f1ana la reuni\u00f3n del Consejo Extraordinario de Administraci\u00f3n del Instituto Espa\u00f1ol de Comercio Exterior (ICEX) con motivo de la celebraci\u00f3n de su 25 aniversario. En el acto, le han acompa\u00f1ado el ministro<span class=\"ellipsis\">&hellip;<\/span><\/p>\n<div class=\"read-more\"><a href=\"https:\/\/www.exportapymes.com\/comercio-exterior-america-esp\/el-instituto-espanol-de-comercio-exterior-icex-celebro-su-25-aniversario\/\">Leer m&aacute;s &#8250;<\/a><\/div>\n<p><!-- end of .read-more --><\/p>\n","protected":false},"author":1,"featured_media":0,"comment_status":"open","ping_status":"open","sticky":false,"template":"","format":"standard","meta":{"footnotes":""},"categories":[28,30,22,58,24,35,32,37,38,25,27,63],"tags":[],"class_list":["post-1436","post","type-post","status-publish","format-standard","hentry","category-capacitacion","category-comercio-exterior","category-espana","category-exporta","category-exportacion","category-exportador","category-exportar","category-icex","category-instituto-espanol-de-comercio-exterior","category-internacionalizacion","category-pymes","category-tecnologias-de-la-informacion-y-comunicacion-tic"],"_links":{"self":[{"href":"https:\/\/www.exportapymes.com\/comercio-exterior-america-esp\/wp-json\/wp\/v2\/posts\/1436","targetHints":{"allow":["GET"]}}],"collection":[{"href":"https:\/\/www.exportapymes.com\/comercio-exterior-america-esp\/wp-json\/wp\/v2\/posts"}],"about":[{"href":"https:\/\/www.exportapymes.com\/comercio-exterior-america-esp\/wp-json\/wp\/v2\/types\/post"}],"author":[{"embeddable":true,"href":"https:\/\/www.exportapymes.com\/comercio-exterior-america-esp\/wp-json\/wp\/v2\/users\/1"}],"replies":[{"embeddable":true,"href":"https:\/\/www.exportapymes.com\/comercio-exterior-america-esp\/wp-json\/wp\/v2\/comments?post=1436"}],"version-history":[{"count":0,"href":"https:\/\/www.exportapymes.com\/comercio-exterior-america-esp\/wp-json\/wp\/v2\/posts\/1436\/revisions"}],"wp:attachment":[{"href":"https:\/\/www.exportapymes.com\/comercio-exterior-america-esp\/wp-json\/wp\/v2\/media?parent=1436"}],"wp:term":[{"taxonomy":"category","embeddable":true,"href":"https:\/\/www.exportapymes.com\/comercio-exterior-america-esp\/wp-json\/wp\/v2\/categories?post=1436"},{"taxonomy":"post_tag","embeddable":true,"href":"https:\/\/www.exportapymes.com\/comercio-exterior-america-esp\/wp-json\/wp\/v2\/tags?post=1436"}],"curies":[{"name":"wp","href":"https:\/\/api.w.org\/{rel}","templated":true}]}}