{"id":1437,"date":"2007-09-17T21:11:41","date_gmt":"2007-09-18T04:11:41","guid":{"rendered":"http:\/\/www.exportapymes.com\/comercio-exterior-america-esp\/taller-orientacion-para-exportar-santiago-2\/"},"modified":"2007-09-17T21:13:36","modified_gmt":"2007-09-18T04:13:36","slug":"taller-orientacion-para-exportar-santiago-2","status":"publish","type":"post","link":"https:\/\/www.exportapymes.com\/comercio-exterior-america-esp\/taller-orientacion-para-exportar-santiago-2\/","title":{"rendered":"Taller Orientaci\u00f3n para Exportar &#8211; Santiago"},"content":{"rendered":"<p>Organizado por <strong>ProChile<\/strong>, se realizar\u00e1 el Jueves 27 de septiembre el &#8220;<strong>Taller Orientaci\u00f3n para Exportar &#8211; Santiago<\/strong>&#8220;.<br \/>\nEste encuentro ser\u00e1 dictado por <strong>especialistas en comercio internacional<\/strong> y est\u00e1 enfocado a empresas que se inician en el <strong>proceso exportador<\/strong>.<br \/>\n<img loading=\"lazy\" decoding=\"async\" width=\"149\" src=\"http:\/\/www.exportapymes.com\/comercio-exterior-america-esp\/images\/prochile.gif\" alt=\"ProChile\" height=\"40\" style=\"width: 149px; height: 40px\" title=\"ProChile\" \/><br \/>\n<!--more--><br \/>\n<em>PROGRAMA<\/em><\/p>\n<p>09:30 a 09:45 hrs. &#8211; Acreditaci\u00f3n de Participantes<\/p>\n<p>09:45 a 11:00 hrs. &#8211; \u201c<strong>Exportar Paso a Paso<\/strong>\u201d<br \/>\n<strong>Acuerdo de compra<br \/>\nModalidades de Venta<br \/>\nFormas de Pago<br \/>\nProceso de una exportaci\u00f3n<br \/>\nBeneficios al Sector Exportador<\/strong><\/p>\n<p>11:00 a 11:15 hrs. Caf\u00e9<\/p>\n<p>11:15 a 12:00 hrs. &#8211; \u201cEstrategia de Prospecci\u00f3n y Penetraci\u00f3n en los Mercados de Exportaci\u00f3n\u201d<\/p>\n<p>12:00 a 12:30 hrs. &#8211; \u201c<strong>C\u00f3mo acceder a la informaci\u00f3n de Internet en los sitios Web de ProChile y Direcon<\/strong>\u201d<\/p>\n<p>12:30 a 13:00 hrs. Preguntas<\/p>\n<p>Lugar: Sal\u00f3n O`Higgins del Edificio del Ministerio de Relaciones Exteriores, Teatinos 180 &#8211; Piso 2.<\/p>\n<p>Cupos limitados &#8211; Inscripci\u00f3n sin cargo.<\/p>\n<p>M\u00e1s informci\u00f3n e inscripciones:<br \/>\nAsistencia al Exportador: 676 5700<br \/>\nE-Mail: <a href=\"mailto:info@prochile.cl\">info@prochile.cl<\/a><\/p>\n","protected":false},"excerpt":{"rendered":"<p>Organizado por ProChile, se realizar\u00e1 el Jueves 27 de septiembre el &#8220;Taller Orientaci\u00f3n para Exportar &#8211; Santiago&#8220;. Este encuentro ser\u00e1 dictado por especialistas en comercio internacional y est\u00e1 enfocado a empresas que se inician en el proceso exportador.<\/p>\n","protected":false},"author":1,"featured_media":0,"comment_status":"open","ping_status":"open","sticky":false,"template":"","format":"standard","meta":{"footnotes":""},"categories":[28,4,30,24,35,32,40,27,49],"tags":[],"class_list":["post-1437","post","type-post","status-publish","format-standard","hentry","category-capacitacion","category-chile","category-comercio-exterior","category-exportacion","category-exportador","category-exportar","category-prochile","category-pymes","category-pymex"],"_links":{"self":[{"href":"https:\/\/www.exportapymes.com\/comercio-exterior-america-esp\/wp-json\/wp\/v2\/posts\/1437","targetHints":{"allow":["GET"]}}],"collection":[{"href":"https:\/\/www.exportapymes.com\/comercio-exterior-america-esp\/wp-json\/wp\/v2\/posts"}],"about":[{"href":"https:\/\/www.exportapymes.com\/comercio-exterior-america-esp\/wp-json\/wp\/v2\/types\/post"}],"author":[{"embeddable":true,"href":"https:\/\/www.exportapymes.com\/comercio-exterior-america-esp\/wp-json\/wp\/v2\/users\/1"}],"replies":[{"embeddable":true,"href":"https:\/\/www.exportapymes.com\/comercio-exterior-america-esp\/wp-json\/wp\/v2\/comments?post=1437"}],"version-history":[{"count":0,"href":"https:\/\/www.exportapymes.com\/comercio-exterior-america-esp\/wp-json\/wp\/v2\/posts\/1437\/revisions"}],"wp:attachment":[{"href":"https:\/\/www.exportapymes.com\/comercio-exterior-america-esp\/wp-json\/wp\/v2\/media?parent=1437"}],"wp:term":[{"taxonomy":"category","embeddable":true,"href":"https:\/\/www.exportapymes.com\/comercio-exterior-america-esp\/wp-json\/wp\/v2\/categories?post=1437"},{"taxonomy":"post_tag","embeddable":true,"href":"https:\/\/www.exportapymes.com\/comercio-exterior-america-esp\/wp-json\/wp\/v2\/tags?post=1437"}],"curies":[{"name":"wp","href":"https:\/\/api.w.org\/{rel}","templated":true}]}}