{"id":1443,"date":"2007-09-28T14:58:06","date_gmt":"2007-09-28T21:58:06","guid":{"rendered":"http:\/\/www.exportapymes.com\/comercio-exterior-america-esp\/internacionalizacion-de-la-empresa-y-nuevos-factores-de-competitividad\/"},"modified":"2007-09-28T14:58:06","modified_gmt":"2007-09-28T21:58:06","slug":"internacionalizacion-de-la-empresa-y-nuevos-factores-de-competitividad","status":"publish","type":"post","link":"https:\/\/www.exportapymes.com\/comercio-exterior-america-esp\/internacionalizacion-de-la-empresa-y-nuevos-factores-de-competitividad\/","title":{"rendered":"Internacionalizaci\u00f3n de la empresa y nuevos factores de competitividad"},"content":{"rendered":"<p><em>Madrid &#8211; 2 de octubre<\/em><br \/>\nEl <strong>Instituto Espa\u00f1ol de Comercio Exterior (ICEX)<\/strong> junto con <strong>El Nuevo Lunes<\/strong>, organizan las <strong>jornadas &#8220;Internacionalizaci\u00f3n de la empresa y nuevos factores de competitividad&#8221;<\/strong> que tendr\u00e1n lugar el pr\u00f3ximo 2 de octubre en el Hotel Miguel \u00c1ngel de Madrid.<br \/>\nLas jornadas, que se desarrollar\u00e1n en sesi\u00f3n de ma\u00f1ana, ser\u00e1n inauguradas por el <strong>Vicepresidente Ejecutivo del ICEX<\/strong>, <strong>\u00c1ngel Mart\u00edn Acebes<\/strong>.<br \/>\nA trav\u00e9s de dichas jornadas se analizar\u00e1 la <strong>b\u00fasqueda de nuevos mercados<\/strong>, con la finalidad de <strong>incrementar la competitividad de la empresa espa\u00f1ola<\/strong>.<br \/>\n<img loading=\"lazy\" decoding=\"async\" width=\"60\" src=\"http:\/\/www.exportapymes.com\/comercio-exterior-america-esp\/images\/icex.gif\" alt=\"ICEX\" height=\"60\" style=\"width: 60px; height: 60px\" title=\"ICEX\" \/><br \/>\n<!--more--><\/p>\n<p>PROGRAMA<\/p>\n<p>9,00-9,30 h.- Recogida de credenciales.<\/p>\n<p>9,30-10,15 h.- Acto de Inauguraci\u00f3n:<\/p>\n<p>9,30-9,45 h.- Bienvenida: Jos\u00e9 Garc\u00eda Abad y Rosa del R\u00edo, editor y directora de El Nuevo Lunes.<\/p>\n<p>9,45-10,15 h.- Inauguraci\u00f3n: \u00c1ngel Mart\u00edn Acebes, vicepresidente ejecutivo del Instituto Espa\u00f1ol de Comercio Exterior (ICEX). Ministerio de Industria,<br \/>\nComercio y Turismo y Aurelio Mart\u00ednez, presidente del Instituto de Cr\u00e9dito Oficial (ICO).<\/p>\n<p>10,15-12,00 h.- Mesa Redonda: \u201cNuevos mercados mas all\u00e1 de China. Nuevos sectores: implantaci\u00f3n en el exterior. Oportunidades de negocio.<br \/>\nC\u00f3mo elegir una estrategia de internacionalizaci\u00f3n: caso pr\u00e1ctico\u201d.<br \/>\nMercados: Jes\u00fas Garre, vicepresidente y director general comercial de Capgemini.<br \/>\nSectores: Jos\u00e9 Antonio Alonso, director del Instituto Complutense de Estudios Internacionales (ICEI) y catedr\u00e1tico de Econom\u00eda Aplicada de la Universidad Complutense de Madrid.<br \/>\nEstrategia. Caso pr\u00e1ctico: Luciano Berrocal, profesor de la Universidad de Bruselas y Polit\u00e9cnica de Madrid y socio director de Consulting Group Europe (CGE).<\/p>\n<p>Debate.<br \/>\nPresentador-Moderador: Mario Buis\u00e1n, director general de Informaci\u00f3n e Inversiones del ICEX.<\/p>\n<p>12,00-12,15 h.- Pausa caf\u00e9.<\/p>\n<p>12,15-14,00 h.- Mesa Redonda: \u201cInternacionalizaci\u00f3n y nuevos factores de competitividad. Financiaci\u00f3n, nuevos nichos y outsourcing\u201d.<\/p>\n<p>Financiaci\u00f3n: Prosper Lamothe, catedr\u00e1tico de la UAM y asesor del \u00c1rea de Riesgos del BBVA.<\/p>\n<p>Nuevos nichos: Enrique Dans, doctor en Administraci\u00f3n de Empresas por la Universidad de UCLA, California, y director del \u00c1rea de Sistemas de Informaci\u00f3n del Instituto de Empresa.<\/p>\n<p>Externalizaci\u00f3n: Tomas Contreras, director de Outsourcing y Centros de Competencia de Indra.<\/p>\n<p>Debate.<br \/>\nPresentador-Moderador: Antonio Hern\u00e1ndez, director de INTERES. Ministerio de Industria, Comercio y Turismo.<\/p>\n<p>14,00-14,10 h.- Conclusiones y resoluci\u00f3n caso pr\u00e1ctico.<\/p>\n<p>14,10-14,15 h.- Acto de Clausura.<\/p>\n<p><a target=\"_blank\" href=\"http:\/\/www.icex.es\/documentos\/PROGRAMA%20ICEX%2007%20(1).pdf\">Bolet\u00edn de inscripci\u00f3n<\/a><\/p>\n","protected":false},"excerpt":{"rendered":"<p>Madrid &#8211; 2 de octubre El Instituto Espa\u00f1ol de Comercio Exterior (ICEX) junto con El Nuevo Lunes, organizan las jornadas &#8220;Internacionalizaci\u00f3n de la empresa y nuevos factores de competitividad&#8221; que tendr\u00e1n lugar el pr\u00f3ximo 2 de octubre en el Hotel<span class=\"ellipsis\">&hellip;<\/span><\/p>\n<div class=\"read-more\"><a href=\"https:\/\/www.exportapymes.com\/comercio-exterior-america-esp\/internacionalizacion-de-la-empresa-y-nuevos-factores-de-competitividad\/\">Leer m&aacute;s &#8250;<\/a><\/div>\n<p><!-- end of .read-more --><\/p>\n","protected":false},"author":1,"featured_media":0,"comment_status":"open","ping_status":"open","sticky":false,"template":"","format":"standard","meta":{"footnotes":""},"categories":[28,30,24,35,32,37,38,25,27],"tags":[],"class_list":["post-1443","post","type-post","status-publish","format-standard","hentry","category-capacitacion","category-comercio-exterior","category-exportacion","category-exportador","category-exportar","category-icex","category-instituto-espanol-de-comercio-exterior","category-internacionalizacion","category-pymes"],"_links":{"self":[{"href":"https:\/\/www.exportapymes.com\/comercio-exterior-america-esp\/wp-json\/wp\/v2\/posts\/1443","targetHints":{"allow":["GET"]}}],"collection":[{"href":"https:\/\/www.exportapymes.com\/comercio-exterior-america-esp\/wp-json\/wp\/v2\/posts"}],"about":[{"href":"https:\/\/www.exportapymes.com\/comercio-exterior-america-esp\/wp-json\/wp\/v2\/types\/post"}],"author":[{"embeddable":true,"href":"https:\/\/www.exportapymes.com\/comercio-exterior-america-esp\/wp-json\/wp\/v2\/users\/1"}],"replies":[{"embeddable":true,"href":"https:\/\/www.exportapymes.com\/comercio-exterior-america-esp\/wp-json\/wp\/v2\/comments?post=1443"}],"version-history":[{"count":0,"href":"https:\/\/www.exportapymes.com\/comercio-exterior-america-esp\/wp-json\/wp\/v2\/posts\/1443\/revisions"}],"wp:attachment":[{"href":"https:\/\/www.exportapymes.com\/comercio-exterior-america-esp\/wp-json\/wp\/v2\/media?parent=1443"}],"wp:term":[{"taxonomy":"category","embeddable":true,"href":"https:\/\/www.exportapymes.com\/comercio-exterior-america-esp\/wp-json\/wp\/v2\/categories?post=1443"},{"taxonomy":"post_tag","embeddable":true,"href":"https:\/\/www.exportapymes.com\/comercio-exterior-america-esp\/wp-json\/wp\/v2\/tags?post=1443"}],"curies":[{"name":"wp","href":"https:\/\/api.w.org\/{rel}","templated":true}]}}