{"id":1454,"date":"2007-10-01T15:13:35","date_gmt":"2007-10-01T22:13:35","guid":{"rendered":"http:\/\/www.exportapymes.com\/comercio-exterior-america-esp\/jornada-aprendiendo-a-exportar-en-girona\/"},"modified":"2007-11-09T04:23:46","modified_gmt":"2007-11-09T11:23:46","slug":"jornada-aprendiendo-a-exportar-en-girona","status":"publish","type":"post","link":"https:\/\/www.exportapymes.com\/comercio-exterior-america-esp\/jornada-aprendiendo-a-exportar-en-girona\/","title":{"rendered":"Jornada Aprendiendo a Exportar en Girona"},"content":{"rendered":"<p>Tendr\u00e1 lugar el<strong> 4 de octubre en Girona<\/strong>, donde las empresas recibir\u00e1n asesoramiento personalizado a trav\u00e9s de entrevistas con expertos en diversas materias relacionadas con la competitividad de la pyme.<br \/>\n<img decoding=\"async\" src=\"http:\/\/www.exportapymes.com\/comercio-exterior-america-esp\/images\/aprendiendo-a-exportar.jpg\" alt=\"Aprendiendo a Exportar ICEX\" title=\"Aprendiendo a Exportar ICEX\" \/>   El <strong>Instituto Espa\u00f1ol de Comercio Exterior (ICEX)<\/strong> va a poner en marcha en <strong>Girona<\/strong> el <strong>programa &#8220;Aprendiendo a Exportar&#8221;<\/strong>, una de las medidas incluidas en el Plan de Dinamizaci\u00f3n de la Econom\u00eda aprobado por el Gobierno para <strong>fomentar la internacionalizaci\u00f3n de las empresas<\/strong>.<br \/>\n<!--more--> El principal objetivo de este programa es sensibilizar a m\u00e1s de 5.000 pymes sobre la necesidad de salir al exterior para crecer y ser m\u00e1s competitivas.<\/p>\n<p>El proyecto cuenta con un presupuesto anual de cinco millones de euros, financiado y gestionado por el ICEX.<\/p>\n<p>&#8220;<strong>Aprendiendo a Exportar<\/strong>&#8221; consta de dos partes: una jornada en la que se pretende interesar a las pymes en el proyecto de iniciaci\u00f3n a la exportaci\u00f3n y sensibilizarlas sobre la necesidad de abrir nuevos mercados, y un programa de apoyo a la pyme, durante todo un a\u00f1o, para ayudarla a ser m\u00e1s competitiva en el exterior, prest\u00e1ndole todo el asesoramiento y el apoyo necesario en temas como nuevas tecnolog\u00edas, comunicaci\u00f3n y marca, innovaci\u00f3n y dise\u00f1o, fiscalidad, financiaci\u00f3n, etc.<\/p>\n<p>La Jornada &#8220;<strong>Aprendiendo a Exportar<\/strong>&#8221; tendr\u00e1 lugar el 4 de octubre en Girona, en el Auditori Palau Congressos, tras el \u00e9xito de las que ya se han celebrado en diferentes ciudades, en las que han participado 6.788 pymes.<\/p>\n<p>En esta jornada, las empresas recibir\u00e1n asesoramiento personalizado a trav\u00e9s de entrevistas con expertos en diversas materias relacionadas con la competitividad de la pyme: nuevas tecnolog\u00edas y web, innovaci\u00f3n y dise\u00f1o, comunicaci\u00f3n y marca, financiaci\u00f3n y cobros, contratos y tr\u00e1mites y apoyos existentes para la pyme.<\/p>\n<p>Las pymes interesadas en este programa y en la jornada del d\u00eda 4 de octubre en Girona ya disponen de una p\u00e1gina web: <a target=\"_blank\" href=\"http:\/\/www.aprendiendoaexportar.com\">www.aprendiendoaexportar.com<\/a>. Adem\u00e1s de informaci\u00f3n, pueden encontrar diferentes servicios, como la posibilidad de realizar on-line su preinscripci\u00f3n al programa y pedir cita con los expertos en las diferentes materias.<\/p>\n<p>Presentaciones<br \/>\n16:15. Imagen y Comunicaci\u00f3n: la clave competitiva<br \/>\n\u00c1REA DE COMUNICACI\u00d3N Y MARCA<\/p>\n<p>16:30. Generar negocio a trav\u00e9s de Internet<br \/>\n\u00c1REA DE WEB Y TECNOLOG\u00cdA<\/p>\n<p>16:45. Rentabilizar la participaci\u00f3n en una Feria<br \/>\n\u00c1REA DE FERIAS<\/p>\n<p>17:00. Renovar y mejorar sus productos: c\u00f3mo adaptarlos a cada mercado<br \/>\n\u00c1REA DE INNOVACI\u00d3N Y DISE\u00d1O<\/p>\n<p>17:15. Incentivos fiscales a la exportaci\u00f3n<br \/>\n\u00c1REA DE CONTRATACI\u00d3N Y FISCALIDAD<\/p>\n<p>17:30. El seguro de cr\u00e9dito frente al impago<br \/>\n\u00c1REA DE FINANCIACI\u00d3N Y COBRO<\/p>\n<p>17:45. La marca: creaci\u00f3n y lanzamiento<br \/>\n\u00c1REA DE COMUNICACI\u00d3N Y MARCA<\/p>\n<p>18:00. C\u00f3mo puedo cobrar mis exportaciones<br \/>\n\u00c1REA DE FINANCIACI\u00d3N Y COBRO<\/p>\n<p>18:15. Mejorando cada d\u00eda en tecnolog\u00eda. Ejemplos pr\u00e1cticos<br \/>\n\u00c1REA DE WEB Y TECNOLOG\u00cdA<\/p>\n<p>Lugar de la Presentaciones: Speaker\u2019s Corner.<\/p>\n<p>Encuentro empresarial<br \/>\n18:30. Tres empresas de la regi\u00f3n con \u00e9xito internacional cuentan su experiencia.<br \/>\nEncuentro presentado por D. Carlos Barrab\u00e9s<br \/>\nPRESIDENTE DE BARRAB\u00c9S INTERNET.<\/p>\n<p>19:30. Copa de vino espa\u00f1ol.<\/p>\n<p>\u00c1reas tem\u00e1ticas<br \/>\nDe 16:00 a 20:00 horas<br \/>\nAsesoramiento permanente en:<\/p>\n<p>INNOVACI\u00d3N Y DISE\u00d1O<br \/>\nCOMUNICACI\u00d3N Y MARCA<br \/>\nWEB Y TECNOLOG\u00cdA<br \/>\nCONTRATOS Y TR\u00c1MITES<br \/>\nFINANCIACI\u00d3N Y COBRO<br \/>\nAYUDAS A LAS PYMES<br \/>\nFERIAS<\/p>\n","protected":false},"excerpt":{"rendered":"<p>Tendr\u00e1 lugar el 4 de octubre en Girona, donde las empresas recibir\u00e1n asesoramiento personalizado a trav\u00e9s de entrevistas con expertos en diversas materias relacionadas con la competitividad de la pyme. El Instituto Espa\u00f1ol de Comercio Exterior (ICEX) va a poner<span class=\"ellipsis\">&hellip;<\/span><\/p>\n<div class=\"read-more\"><a href=\"https:\/\/www.exportapymes.com\/comercio-exterior-america-esp\/jornada-aprendiendo-a-exportar-en-girona\/\">Leer m&aacute;s &#8250;<\/a><\/div>\n<p><!-- end of .read-more --><\/p>\n","protected":false},"author":1,"featured_media":0,"comment_status":"open","ping_status":"open","sticky":false,"template":"","format":"standard","meta":{"footnotes":""},"categories":[64,70,28,30,22,24,35,32,37,38,25,27,57],"tags":[],"class_list":["post-1454","post","type-post","status-publish","format-standard","hentry","category-aprendiendo-a-exportar","category-aprendiendo-a-exportar-tecnologia","category-capacitacion","category-comercio-exterior","category-espana","category-exportacion","category-exportador","category-exportar","category-icex","category-instituto-espanol-de-comercio-exterior","category-internacionalizacion","category-pymes","category-tecnologia"],"_links":{"self":[{"href":"https:\/\/www.exportapymes.com\/comercio-exterior-america-esp\/wp-json\/wp\/v2\/posts\/1454","targetHints":{"allow":["GET"]}}],"collection":[{"href":"https:\/\/www.exportapymes.com\/comercio-exterior-america-esp\/wp-json\/wp\/v2\/posts"}],"about":[{"href":"https:\/\/www.exportapymes.com\/comercio-exterior-america-esp\/wp-json\/wp\/v2\/types\/post"}],"author":[{"embeddable":true,"href":"https:\/\/www.exportapymes.com\/comercio-exterior-america-esp\/wp-json\/wp\/v2\/users\/1"}],"replies":[{"embeddable":true,"href":"https:\/\/www.exportapymes.com\/comercio-exterior-america-esp\/wp-json\/wp\/v2\/comments?post=1454"}],"version-history":[{"count":0,"href":"https:\/\/www.exportapymes.com\/comercio-exterior-america-esp\/wp-json\/wp\/v2\/posts\/1454\/revisions"}],"wp:attachment":[{"href":"https:\/\/www.exportapymes.com\/comercio-exterior-america-esp\/wp-json\/wp\/v2\/media?parent=1454"}],"wp:term":[{"taxonomy":"category","embeddable":true,"href":"https:\/\/www.exportapymes.com\/comercio-exterior-america-esp\/wp-json\/wp\/v2\/categories?post=1454"},{"taxonomy":"post_tag","embeddable":true,"href":"https:\/\/www.exportapymes.com\/comercio-exterior-america-esp\/wp-json\/wp\/v2\/tags?post=1454"}],"curies":[{"name":"wp","href":"https:\/\/api.w.org\/{rel}","templated":true}]}}