{"id":1463,"date":"2007-10-15T11:56:07","date_gmt":"2007-10-15T18:56:07","guid":{"rendered":"http:\/\/www.exportapymes.com\/comercio-exterior-america-esp\/presentan-propuestas-para-mejorar-la-internacionalizacion-de-las-pymes-chilenas\/"},"modified":"2007-10-15T11:56:07","modified_gmt":"2007-10-15T18:56:07","slug":"presentan-propuestas-para-mejorar-la-internacionalizacion-de-las-pymes-chilenas","status":"publish","type":"post","link":"https:\/\/www.exportapymes.com\/comercio-exterior-america-esp\/presentan-propuestas-para-mejorar-la-internacionalizacion-de-las-pymes-chilenas\/","title":{"rendered":"Presentan propuestas para mejorar la internacionalizaci\u00f3n de las PyMEs chilenas"},"content":{"rendered":"<p>La <strong>Asociaci\u00f3n de Exportadores de Manufacturas y Servicios<\/strong> (<strong>Asexma Chile A.G.<\/strong>) y la <strong>Direcci\u00f3n General de Relaciones Econ\u00f3micas Internacionales <\/strong>(<strong>DIRECON)<\/strong>, realizaron la <strong>1\u00aa Cumbre Exportadora P\u00fablica-Privada<\/strong>, cuyo principal objetivo fue <strong>mejorar la competitividad de las pymes exportadoras en los planos productivos, institucional y de internacionalizaci\u00f3n<\/strong>.<br \/>\n<img decoding=\"async\" src=\"http:\/\/www.exportapymes.com\/comercio-exterior-america-esp\/images\/ban\/chile.jpg\" \/>   Esta <strong>Cumbre Exportadora<\/strong> P\u00fablica-Privada cont\u00f3 con la participaci\u00f3n del Ministerio de Econom\u00eda, <strong>CORFO<\/strong>, <strong>Innova Chile<\/strong> y <strong>Direcon-ProChile<\/strong> por parte del sector p\u00fablico y con <strong>Asilfa<\/strong>, Instituto Textil, el Centro de Envases y Embalajes y Asexma, por parte de los privados.<br \/>\n<!--more-->Esta primera experiencia entre p\u00fablicos y privados, convoc\u00f3 a alrededor de 100 empresarios de rubros, tales como: alimentos, metalmec\u00e1nica, insumos para la miner\u00eda y construcci\u00f3n, envases y embalajes, textil y calzado y servicios, quienes participaron en mesas de trabajo sectoriales para exponer sus necesidades, y se comprometieron a realizar un trabajo conjunto de largo plazo, para dise\u00f1ar estrategias y consolidar el trabajo de nuestro pa\u00eds en materia de <strong>comercio exterior<\/strong>.<\/p>\n<p><em>La cumbre<\/em><br \/>\nLa realizaci\u00f3n de una encuesta por parte del Centro de Estudios de Opini\u00f3n Ciudadana de la Universidad de Talca a un grupo de 40 empresas de distintos sectores y rubros, permiti\u00f3 conocer, analizar y evaluar las percepciones y opiniones de los empresarios; material que sirvi\u00f3 de base para el trabajo que se realiz\u00f3 en las mesas de trabajo de este evento.<\/p>\n<p>Posteriormente, se elabor\u00f3 un documento con las conclusiones obtenidas por los distintos grupos que constituir\u00e1 una base del trabajo que tanto el sector p\u00fablico como el privado comprometieron para el futuro. Al respecto, la presidenta de Asexma, Patricia P\u00e9rez, valor\u00f3 el trabajo realizado por los empresarios y se\u00f1al\u00f3 que el gremio asume en adelante un nuevo compromiso para trabajar con el sector p\u00fablico, ya que ahora existe una agenda de trabajo muy concreta.<\/p>\n<p>En la clausura de esta 1era Cumbre Exportadora P\u00fablica-Privada, el Director General de la Direcon, Carlos Furche, enfatiz\u00f3 la importancia de facilitar la implementaci\u00f3n de los Tratados de Libre Comercio, en el contexto de un proceso de trabajo que est\u00e1 culminando y el inicio de una nueva etapa.<\/p>\n<p>Asimismo, se refiri\u00f3 a los grandes temas que se abordaron en la Cumbre, como son: una fuerte demanda de facilitaci\u00f3n de acceso a los instrumentos p\u00fablicos disponibles para la competitividad; la<strong> informaci\u00f3n de mercado, de tecnolog\u00eda y la capacitaci\u00f3n en todos los niveles del proceso exportador<\/strong>.<\/p>\n<p>El informe final se entregar\u00e1 durante la XXIII Junta Anual de Asexma. En \u00e9ste se levantaron 110 propuestas, destacando como prioritarias quince de ellas, las que dicen relaci\u00f3n con el perfeccionamiento y flexibilizaci\u00f3n de los instrumentos de fomento, apoyar a la capacitaci\u00f3n tanto en forma selectiva como masiva, reingenier\u00eda de ciertos servicios reguladores, entre otras.<\/p>\n","protected":false},"excerpt":{"rendered":"<p>La Asociaci\u00f3n de Exportadores de Manufacturas y Servicios (Asexma Chile A.G.) y la Direcci\u00f3n General de Relaciones Econ\u00f3micas Internacionales (DIRECON), realizaron la 1\u00aa Cumbre Exportadora P\u00fablica-Privada, cuyo principal objetivo fue mejorar la competitividad de las pymes exportadoras en los planos<span class=\"ellipsis\">&hellip;<\/span><\/p>\n<div class=\"read-more\"><a href=\"https:\/\/www.exportapymes.com\/comercio-exterior-america-esp\/presentan-propuestas-para-mejorar-la-internacionalizacion-de-las-pymes-chilenas\/\">Leer m&aacute;s &#8250;<\/a><\/div>\n<p><!-- end of .read-more --><\/p>\n","protected":false},"author":1,"featured_media":0,"comment_status":"open","ping_status":"open","sticky":false,"template":"","format":"standard","meta":{"footnotes":""},"categories":[28,4,30,24,35,32,25,29,40,27,57],"tags":[],"class_list":["post-1463","post","type-post","status-publish","format-standard","hentry","category-capacitacion","category-chile","category-comercio-exterior","category-exportacion","category-exportador","category-exportar","category-internacionalizacion","category-mipymes","category-prochile","category-pymes","category-tecnologia"],"_links":{"self":[{"href":"https:\/\/www.exportapymes.com\/comercio-exterior-america-esp\/wp-json\/wp\/v2\/posts\/1463","targetHints":{"allow":["GET"]}}],"collection":[{"href":"https:\/\/www.exportapymes.com\/comercio-exterior-america-esp\/wp-json\/wp\/v2\/posts"}],"about":[{"href":"https:\/\/www.exportapymes.com\/comercio-exterior-america-esp\/wp-json\/wp\/v2\/types\/post"}],"author":[{"embeddable":true,"href":"https:\/\/www.exportapymes.com\/comercio-exterior-america-esp\/wp-json\/wp\/v2\/users\/1"}],"replies":[{"embeddable":true,"href":"https:\/\/www.exportapymes.com\/comercio-exterior-america-esp\/wp-json\/wp\/v2\/comments?post=1463"}],"version-history":[{"count":0,"href":"https:\/\/www.exportapymes.com\/comercio-exterior-america-esp\/wp-json\/wp\/v2\/posts\/1463\/revisions"}],"wp:attachment":[{"href":"https:\/\/www.exportapymes.com\/comercio-exterior-america-esp\/wp-json\/wp\/v2\/media?parent=1463"}],"wp:term":[{"taxonomy":"category","embeddable":true,"href":"https:\/\/www.exportapymes.com\/comercio-exterior-america-esp\/wp-json\/wp\/v2\/categories?post=1463"},{"taxonomy":"post_tag","embeddable":true,"href":"https:\/\/www.exportapymes.com\/comercio-exterior-america-esp\/wp-json\/wp\/v2\/tags?post=1463"}],"curies":[{"name":"wp","href":"https:\/\/api.w.org\/{rel}","templated":true}]}}