{"id":1466,"date":"2007-10-15T14:29:15","date_gmt":"2007-10-15T21:29:15","guid":{"rendered":"http:\/\/www.exportapymes.com\/comercio-exterior-america-esp\/pymes-de-centroamerica-tendran-capacitacion-sobre-acceso-a-la-union-europea\/"},"modified":"2007-10-15T14:29:15","modified_gmt":"2007-10-15T21:29:15","slug":"pymes-de-centroamerica-tendran-capacitacion-sobre-acceso-a-la-union-europea","status":"publish","type":"post","link":"https:\/\/www.exportapymes.com\/comercio-exterior-america-esp\/pymes-de-centroamerica-tendran-capacitacion-sobre-acceso-a-la-union-europea\/","title":{"rendered":"PyMEs de Centroam\u00e9rica tendran capacitaci\u00f3n sobre acceso a la Uni\u00f3n Europea"},"content":{"rendered":"<p><strong>Micro, peque\u00f1as y medianas empresas (mipymes) de Centroam\u00e9rica<\/strong> participar\u00e1n en un <strong>programa de capacitaci\u00f3n<\/strong> para dise\u00f1ar y presentar sus propuestas para la <strong>negociaci\u00f3n del Acuerdo de Asociaci\u00f3n con la Uni\u00f3n Europea (UE)<\/strong>.<br \/>\n<img decoding=\"async\" src=\"http:\/\/www.exportapymes.com\/comercio-exterior-america-esp\/images\/ban\/centroamerica.jpg\" \/>   El <strong>proceso de capacitaci\u00f3n<\/strong> lo desarrolla el <strong>Centro para la Promoci\u00f3n de la Micro y Peque\u00f1a Empresa en Centroam\u00e9rica (Cenpromype)<\/strong>, el financiamiento del programa se logra con la ayuda de la agencia de <strong>Cooperaci\u00f3n T\u00e9cnica Alemana GTZ <\/strong>y se realiza mediante el sistema de comit\u00e9s regionales en cada pa\u00eds.<\/p>\n<p><!--more-->Mediante <strong>talleres y seminarios<\/strong>, el<strong> Cenpromype capacita directamente a los empresarios<\/strong>. Ellos podr\u00e1n definir claramente sus intereses y necesidades, dise\u00f1ar las propuestas y presentarlas con claridad ante los equipos de negociaci\u00f3n para que sean integradas dentro de las propuestas.<\/p>\n<p>El objetivo de la <strong>capacitaci\u00f3n<\/strong>, de cara a la <strong>primera ronda de negociaci\u00f3n entre Centroam\u00e9rica-Uni\u00f3n Europea<\/strong>, es que los empresarios conozcan las condiciones de acceso al mercado europeo y <strong>productos con potencial a exportar<\/strong>, coment\u00f3 el <strong>presidente de Cenpromype<\/strong>,<strong> Carlos Herrera<\/strong>.<\/p>\n<p>El <strong>Cenpromype <\/strong>considera que, hasta ahora, los<strong> peque\u00f1os empresarios<\/strong> solo reaccionan despu\u00e9s de que concluyen las negociaciones. La idea es que se supere esa situaci\u00f3n y participen activamente antes y durante el proceso hacia los acuerdos comerciales. La Naci\u00f3n<br \/>\nM\u00e1s informaci\u00f3n: <a href=\"http:\/\/www.sica.int\/cenpromype\/\">http:\/\/www.sica.int\/cenpromype\/<\/a><\/p>\n","protected":false},"excerpt":{"rendered":"<p>Micro, peque\u00f1as y medianas empresas (mipymes) de Centroam\u00e9rica participar\u00e1n en un programa de capacitaci\u00f3n para dise\u00f1ar y presentar sus propuestas para la negociaci\u00f3n del Acuerdo de Asociaci\u00f3n con la Uni\u00f3n Europea (UE). El proceso de capacitaci\u00f3n lo desarrolla el Centro<span class=\"ellipsis\">&hellip;<\/span><\/p>\n<div class=\"read-more\"><a href=\"https:\/\/www.exportapymes.com\/comercio-exterior-america-esp\/pymes-de-centroamerica-tendran-capacitacion-sobre-acceso-a-la-union-europea\/\">Leer m&aacute;s &#8250;<\/a><\/div>\n<p><!-- end of .read-more --><\/p>\n","protected":false},"author":1,"featured_media":0,"comment_status":"open","ping_status":"open","sticky":false,"template":"","format":"standard","meta":{"footnotes":""},"categories":[28,30,24,35,32,29,27],"tags":[],"class_list":["post-1466","post","type-post","status-publish","format-standard","hentry","category-capacitacion","category-comercio-exterior","category-exportacion","category-exportador","category-exportar","category-mipymes","category-pymes"],"_links":{"self":[{"href":"https:\/\/www.exportapymes.com\/comercio-exterior-america-esp\/wp-json\/wp\/v2\/posts\/1466","targetHints":{"allow":["GET"]}}],"collection":[{"href":"https:\/\/www.exportapymes.com\/comercio-exterior-america-esp\/wp-json\/wp\/v2\/posts"}],"about":[{"href":"https:\/\/www.exportapymes.com\/comercio-exterior-america-esp\/wp-json\/wp\/v2\/types\/post"}],"author":[{"embeddable":true,"href":"https:\/\/www.exportapymes.com\/comercio-exterior-america-esp\/wp-json\/wp\/v2\/users\/1"}],"replies":[{"embeddable":true,"href":"https:\/\/www.exportapymes.com\/comercio-exterior-america-esp\/wp-json\/wp\/v2\/comments?post=1466"}],"version-history":[{"count":0,"href":"https:\/\/www.exportapymes.com\/comercio-exterior-america-esp\/wp-json\/wp\/v2\/posts\/1466\/revisions"}],"wp:attachment":[{"href":"https:\/\/www.exportapymes.com\/comercio-exterior-america-esp\/wp-json\/wp\/v2\/media?parent=1466"}],"wp:term":[{"taxonomy":"category","embeddable":true,"href":"https:\/\/www.exportapymes.com\/comercio-exterior-america-esp\/wp-json\/wp\/v2\/categories?post=1466"},{"taxonomy":"post_tag","embeddable":true,"href":"https:\/\/www.exportapymes.com\/comercio-exterior-america-esp\/wp-json\/wp\/v2\/tags?post=1466"}],"curies":[{"name":"wp","href":"https:\/\/api.w.org\/{rel}","templated":true}]}}