{"id":1484,"date":"2007-11-05T04:05:36","date_gmt":"2007-11-05T11:05:36","guid":{"rendered":"http:\/\/www.exportapymes.com\/comercio-exterior-america-esp\/simo-2007-acogera-a-la-jornada-aprendiendo-a-exportar-tecnologia\/"},"modified":"2007-11-09T12:59:45","modified_gmt":"2007-11-09T19:59:45","slug":"simo-2007-acogera-a-la-jornada-aprendiendo-a-exportar-tecnologia","status":"publish","type":"post","link":"https:\/\/www.exportapymes.com\/comercio-exterior-america-esp\/simo-2007-acogera-a-la-jornada-aprendiendo-a-exportar-tecnologia\/","title":{"rendered":"SIMO 2007 acoger\u00e1 a la Jornada Aprendiendo a Exportar Tecnolog\u00eda"},"content":{"rendered":"<p>El<strong> Instituto Espa\u00f1ol de Comercio Exterior<\/strong>, <strong>ICEX<\/strong>, ha desarrollado el<strong> programa<\/strong> &#8220;<strong>Aprendiendo a Exportar Tecnolog\u00eda<\/strong>&#8221; que, en colaboraci\u00f3n con la <strong>Feria Internacional de Inform\u00e1tica, Multimedia y Comunicaciones (SIMO)<\/strong>, se pondr\u00e1 en marcha el 7 de noviembre en Madrid, coincidiendo con la celebraci\u00f3n del <strong>Sal\u00f3n Internacional de la Inform\u00e1tica y las Telecomunicaciones<\/strong>.<br \/>\n<img loading=\"lazy\" decoding=\"async\" width=\"320\" src=\"http:\/\/www.exportapymes.com\/comercio-exterior-america-esp\/images\/aprendiendo-a-exportar-tecnologia.gif\" alt=\"Aprendiendo a Exportar Tecnolog\u00eda en SIMO\" height=\"42\" style=\"width: 320px; height: 42px\" title=\"Aprendiendo a Exportar Tecnolog\u00eda en SIMO\" \/>   Esta macrojornada del <strong>Programa &#8220;Aprendiendo a Exportar Tecnolog\u00eda&#8221;<\/strong> pretende convertir en <strong>exportadores permanentes a mil nuevas pymes de toda Espa\u00f1a<\/strong>, que tengan alg\u00fan tipo de producto tecnol\u00f3gico y una estrategia de diferenciaci\u00f3n a trav\u00e9s de la tecnolog\u00eda, incorporada a sus productos y servicios.<br \/>\n<!--more--><br \/>\nSe pondr\u00e1n en marcha una serie de iniciativas de apoyo a estas empresas para mejorar su competitividad en el exterior, facilit\u00e1ndoles su financiaci\u00f3n y prest\u00e1ndoles todo el asesoramiento y apoyo necesario en temas como nuevas tecnolog\u00edas, comunicaci\u00f3n y marca, innovaci\u00f3n y dise\u00f1o o fiscalidad y financiaci\u00f3n internacional.<\/p>\n<p>Las empresas llamadas a participar dentro de esta jornada, se encuentran dentro de los sectores:<\/p>\n<p>&#8211; Agroalimentaci\u00f3n y biotecnolog\u00eda<br \/>\n&#8211; Medicina y salud<br \/>\n&#8211; Energ\u00eda y medioambiente<br \/>\n&#8211; Informaci\u00f3n, inform\u00e1tica y telecomunicaciones<br \/>\n&#8211; Electr\u00f3nica, rob\u00f3tica y nanotecnolog\u00eda<br \/>\n&#8211; Componentes industriales y de transporte<br \/>\n&#8211; Otros sectores con alto componente tecnol\u00f3gico<\/p>\n<p>Y dentro de la jornada podr\u00e1s participar en las siguientes actividades:<\/p>\n<p>Asiste al Global Forum para conocer las novedades y oportunidades para empresas en el mundo tecnol\u00f3gico de la mano de expertos como James Wales, co-fundador de Wikipedia, Sumitra Dutta \u2013 acad\u00e9mico del INSEAD, Antonio Garrigues \u2013 presidente de Garrigues Abogados o Ana Patricia Bot\u00edn \u2013 Presidente de Banesto.<\/p>\n<p>Establece contactos empresariales en el Networking.<\/p>\n<p>Establece contactos con los principales fondos de capital riesgo especializados en pymes tecnol\u00f3gicas.<br \/>\nParticipa en el Encuentro Empresarial a las 19:00 y conoce la experiencia de 3 pymes de \u00e9xito internacional.<\/p>\n<p><em>PROGRAMA<\/em><br \/>\n12:00 &#8211; 13:45 GLOBAL FORUM<br \/>\nEspecialistas internacionales presentar\u00e1n tendencias y oportunidades en el mundo tecnol\u00f3gico: James Wales \u2013 co-fundador de Wikipedia; Ana Patricia Bot\u00edn \u2013 Presidente de Banesto; David Kirkpatrick-Editor de Tecnolog\u00eda, Fortune Magazine; Antonio Garrigues \u2013 Presidente de Garrigues Abogados; Soumitra Dutta \u2013 acad\u00e9mico del INSEAD, entre otros.<\/p>\n<p>14:00 &#8211; 16:00 GURU\u2019S BRUNCH<br \/>\n8 gur\u00fas tecnol\u00f3gicos mundiales dar\u00e1n las claves, en coloquio abierto, las claves de los factores que influyen en el negocio de la tecnolog\u00eda:. James Wales \u2013 co-fundador de Wikipedia;; David Kirkpatrick-Editor de Tecnolog\u00eda, Fortune Magazine;; Soumitra Dutta \u2013 acad\u00e9mico del INSEAD; William Musgrave- Fundador de Silicon Global; Mikel Urizarbarrena- Fundador y Presidente de Panda Software, entre otros.<\/p>\n<p>16:00 &#8211; 20:00 ASESORAMIENTO ESPECIALIZADO.<br \/>\nAsesores especializados en diferentes \u00e1reas de competitividad y en internacionalizaci\u00f3n de pymes. Posibilidad de cita previa.<\/p>\n<p>16:00 &#8211; 19:00 CAF\u00c9 CON EXPERTOS<br \/>\nExpertos en temas tecnol\u00f3gicos mantendr\u00e1n reuniones en peque\u00f1os grupos con las empresas asistentes. Posibilidad de cita previa. Entre otros estar\u00e1n: James Wales \u2013 co-fundador de Wikipedia;; David Kirkpatrick-Editor de Tecnolog\u00eda, Fortune Magazine; Soumitra Dutta \u2013 acad\u00e9mico del INSEAD; Joaqu\u00edn Cuenca y Eduardo Manch\u00f3n- fundadores de Panoramio; William Musgrave- Fundador de Silicon Global.<\/p>\n<p>16:00 &#8211; 21:00 NETWORKING<br \/>\nPunto de encuentro entre empresas para crear sinergias, obtener conocimiento, establecer alianzas\u2026 que faciliten su salida al exterior.<\/p>\n<p>16:00 &#8211; 19:00 E-DEMO<br \/>\nDemostraci\u00f3n en vivo de los principales market places internacionales, de redes de networking, de aplicaciones tecnol\u00f3gicas punteras\u2026<\/p>\n<p>16:00 &#8211; 19:00 SPEAKER\u00b4S CORNER<br \/>\nBreves charlas con los mensajes clave para que las empresas logren ser m\u00e1s competitivas y globales.<\/p>\n<p>16:00 &#8211; 20:00 ZONA CAPITAL RIESGO<br \/>\nLos principales fondos de capital riesgo especializados en pymes tecnol\u00f3gicas prestar\u00e1n su apoyo a las empresas interesadas en exponer sus proyectos. Posibilidad de cita previa.<\/p>\n<p>17:00 &#8211; 18:00 FIRST WEDNESDAY<br \/>\nEntidades de capital riesgo y empresarios tecnol\u00f3gicos debatir\u00e1n los factores diferenciales que permiten identificar empresas tecnol\u00f3gicas con potencial para llegar a ser globales.<\/p>\n<p>19:00 &#8211; 20:00 ENCUENTRO EMPRESARIAL<br \/>\n3 pymes tecnol\u00f3gicas contar\u00e1n su experiencia en internacionalizaci\u00f3n<br \/>\n20:00 COPA DE VINO<\/p>\n<p>Para informaci\u00f3n ampliada sobre esta jornada puede visitar: <a target=\"_blank\" href=\"http:\/\/www.aprendiendoaexportartech.com\">www.aprendiendoaexportartech.com<\/a><\/p>\n","protected":false},"excerpt":{"rendered":"<p>El Instituto Espa\u00f1ol de Comercio Exterior, ICEX, ha desarrollado el programa &#8220;Aprendiendo a Exportar Tecnolog\u00eda&#8221; que, en colaboraci\u00f3n con la Feria Internacional de Inform\u00e1tica, Multimedia y Comunicaciones (SIMO), se pondr\u00e1 en marcha el 7 de noviembre en Madrid, coincidiendo con<span class=\"ellipsis\">&hellip;<\/span><\/p>\n<div class=\"read-more\"><a href=\"https:\/\/www.exportapymes.com\/comercio-exterior-america-esp\/simo-2007-acogera-a-la-jornada-aprendiendo-a-exportar-tecnologia\/\">Leer m&aacute;s &#8250;<\/a><\/div>\n<p><!-- end of .read-more --><\/p>\n","protected":false},"author":1,"featured_media":0,"comment_status":"open","ping_status":"open","sticky":false,"template":"","format":"standard","meta":{"footnotes":""},"categories":[70,28,30,22,24,59,35,32,37,38,25,57,63],"tags":[],"class_list":["post-1484","post","type-post","status-publish","format-standard","hentry","category-aprendiendo-a-exportar-tecnologia","category-capacitacion","category-comercio-exterior","category-espana","category-exportacion","category-exportacion-de-servicios","category-exportador","category-exportar","category-icex","category-instituto-espanol-de-comercio-exterior","category-internacionalizacion","category-tecnologia","category-tecnologias-de-la-informacion-y-comunicacion-tic"],"_links":{"self":[{"href":"https:\/\/www.exportapymes.com\/comercio-exterior-america-esp\/wp-json\/wp\/v2\/posts\/1484","targetHints":{"allow":["GET"]}}],"collection":[{"href":"https:\/\/www.exportapymes.com\/comercio-exterior-america-esp\/wp-json\/wp\/v2\/posts"}],"about":[{"href":"https:\/\/www.exportapymes.com\/comercio-exterior-america-esp\/wp-json\/wp\/v2\/types\/post"}],"author":[{"embeddable":true,"href":"https:\/\/www.exportapymes.com\/comercio-exterior-america-esp\/wp-json\/wp\/v2\/users\/1"}],"replies":[{"embeddable":true,"href":"https:\/\/www.exportapymes.com\/comercio-exterior-america-esp\/wp-json\/wp\/v2\/comments?post=1484"}],"version-history":[{"count":0,"href":"https:\/\/www.exportapymes.com\/comercio-exterior-america-esp\/wp-json\/wp\/v2\/posts\/1484\/revisions"}],"wp:attachment":[{"href":"https:\/\/www.exportapymes.com\/comercio-exterior-america-esp\/wp-json\/wp\/v2\/media?parent=1484"}],"wp:term":[{"taxonomy":"category","embeddable":true,"href":"https:\/\/www.exportapymes.com\/comercio-exterior-america-esp\/wp-json\/wp\/v2\/categories?post=1484"},{"taxonomy":"post_tag","embeddable":true,"href":"https:\/\/www.exportapymes.com\/comercio-exterior-america-esp\/wp-json\/wp\/v2\/tags?post=1484"}],"curies":[{"name":"wp","href":"https:\/\/api.w.org\/{rel}","templated":true}]}}