{"id":151,"date":"2006-03-14T21:00:52","date_gmt":"2006-03-15T04:00:52","guid":{"rendered":"http:\/\/www.exportapymes.com\/comercio-exterior-america-esp\/el-comercio-exterior-de-cuba-tiene-mas-presencia-en-la-region\/"},"modified":"2006-03-14T21:00:52","modified_gmt":"2006-03-15T04:00:52","slug":"el-comercio-exterior-de-cuba-tiene-mas-presencia-en-la-region","status":"publish","type":"post","link":"https:\/\/www.exportapymes.com\/comercio-exterior-america-esp\/el-comercio-exterior-de-cuba-tiene-mas-presencia-en-la-region\/","title":{"rendered":"El Comercio exterior de Cuba tiene m\u00e1s presencia en la regi\u00f3n"},"content":{"rendered":"<p>Si hace pocos a\u00f1os Am\u00e9rica representaba apenas la cuarta parte del intercambio total de Cuba, hoy es el primer socio en la esfera, con aproximadamente un 50 por ciento del monto del volumen comercial de la isla.<br \/>\n<img decoding=\"async\" src=\"http:\/\/www.exportapymes.com\/comercio-exterior-america-esp\/images\/ban\/cuba.jpg\" \/>   Es adem\u00e1s significativo que en la posici\u00f3n ocupada por ese continente en su intercambio con el archipi\u00e9lago, Am\u00e9rica Latina y el Caribe representen el 72 por ciento de esa cifra.<!--more-->A juicio del ministro cubano de esta cartera, Ra\u00fal de la Nuez, hoy se puede asegurar que se logr\u00f3 el objetivo propuesto hace 10 a\u00f1os de insertar a Cuba en su regi\u00f3n geogr\u00e1fica natural.<\/p>\n<p>L\u00f3gicamente, existen a\u00fan potenciales para una mayor presencia de la \u00ednsula en ese entorno, de ah\u00ed que entre los prop\u00f3sitos del <strong>Ministerio del Comercio Exterior<\/strong> (MINCEX) de Cuba para el presente a\u00f1o, figure como el n\u00famero uno, precisamente, avanzar en la inserci\u00f3n de Cuba en la econom\u00eda mundial y regional.<\/p>\n<p>Para ello el pa\u00eds deber\u00e1 intensificar la lucha contra el bloqueo y otras medidas del Gobierno estadounidense que afecten sus intereses comerciales, las cuales son consecuencia de una errada pol\u00edtica aplicada poco tiempo despu\u00e9s del triunfo revolucionario en la isla el 1 de enero de 1959.<\/p>\n<p><em>Etapas decisivas<\/em><br \/>\nCuba es un pa\u00eds de econom\u00eda abierta con una alta dependencia de su <strong>comercio exterior<\/strong>, que en estas m\u00e1s de cuatro d\u00e9cadas transcurridas desde aquella fecha, enfrent\u00f3 momentos muy dif\u00edciles en los cuales estuvo cerca de colapsar.<\/p>\n<p>Hay que recordar que durante la etapa pre-revolucionaria, la econom\u00eda de la \u00ednsula dependi\u00f3 casi exclusivamente de las <strong>exportaciones<\/strong> de az\u00facar al mercado norteamericano.<\/p>\n<p>A partir de 1959 y como consecuencia del bloqueo impuesto por el poderoso vecino norte\u00f1o y las presiones sobre otros socios comerciales tradicionales de Am\u00e9rica Latina, as\u00ed como de la eliminaci\u00f3n de la cuota azucarera con que el archipi\u00e9lago contaba en el mercado norteamericano, su comercio recibi\u00f3 un duro golpe.<\/p>\n<p>De esta suerte, el intercambio de la isla antillana cambiar\u00eda radicalmente su orientaci\u00f3n geogr\u00e1fica y se dirigir\u00eda hacia el campo socialista.<\/p>\n<p>As\u00ed, hasta el a\u00f1o 1990 el <strong>comercio exterior cubano<\/strong> se realiz\u00f3 en un 85 por ciento con la Uni\u00f3n Sovi\u00e9tica y los dem\u00e1s pa\u00edses socialistas europeos, mientras que el 15 por ciento restante se efectuaba con naciones de econom\u00eda de mercado.<\/p>\n<p>Hay que destacar que el comercio con este \u00faltimo grupo de pa\u00edses, mayoritarios en n\u00famero aunque muy inferior en valor, siempre tuvo importancia vital en la econom\u00eda del archipi\u00e9lago, por tratarse de suministros de importaci\u00f3n cuyo destino se encontraba disperso en todas las esferas productivas.<\/p>\n<p>Adem\u00e1s, ellos constitu\u00edan el complemento obligado de los abastecimientos de origen socialista.<\/p>\n<p>Sin embargo, como resultado de los cambios pol\u00edticos en Europa del Este, que conllevaron al desmoronamiento del campo socialista y la desaparici\u00f3n de la Uni\u00f3n Sovi\u00e9tica, se origin\u00f3 en el pa\u00eds una aguda situaci\u00f3n econ\u00f3mica.<\/p>\n<p>Esta estuvo determinada en gran medida por la p\u00e9rdida de las condiciones preferenciales y seguras en que la isla llevaba a cabo su comercio exterior, el cual ante la adversa realidad creada debi\u00f3 enfrentar una nueva orientaci\u00f3n geogr\u00e1fica y estructural.<\/p>\n<p>La naci\u00f3n, adem\u00e1s, se vio en la necesidad de implementar una estrategia de desarrollo econ\u00f3mico sin pol\u00edtica de choque, y que incluy\u00f3 no pocas transformaciones internas, mientras que en el plano externo crear\u00eda un espacio para un papel m\u00e1s relevante en la inversi\u00f3n extranjera.<br \/>\nPor Roberto Salom\u00f3n. Prensa Latina<\/p>\n","protected":false},"excerpt":{"rendered":"<p>Si hace pocos a\u00f1os Am\u00e9rica representaba apenas la cuarta parte del intercambio total de Cuba, hoy es el primer socio en la esfera, con aproximadamente un 50 por ciento del monto del volumen comercial de la isla. Es adem\u00e1s significativo<span class=\"ellipsis\">&hellip;<\/span><\/p>\n<div class=\"read-more\"><a href=\"https:\/\/www.exportapymes.com\/comercio-exterior-america-esp\/el-comercio-exterior-de-cuba-tiene-mas-presencia-en-la-region\/\">Leer m&aacute;s &#8250;<\/a><\/div>\n<p><!-- end of .read-more --><\/p>\n","protected":false},"author":1,"featured_media":0,"comment_status":"open","ping_status":"open","sticky":false,"template":"","format":"standard","meta":{"footnotes":""},"categories":[7],"tags":[],"class_list":["post-151","post","type-post","status-publish","format-standard","hentry","category-cuba"],"_links":{"self":[{"href":"https:\/\/www.exportapymes.com\/comercio-exterior-america-esp\/wp-json\/wp\/v2\/posts\/151","targetHints":{"allow":["GET"]}}],"collection":[{"href":"https:\/\/www.exportapymes.com\/comercio-exterior-america-esp\/wp-json\/wp\/v2\/posts"}],"about":[{"href":"https:\/\/www.exportapymes.com\/comercio-exterior-america-esp\/wp-json\/wp\/v2\/types\/post"}],"author":[{"embeddable":true,"href":"https:\/\/www.exportapymes.com\/comercio-exterior-america-esp\/wp-json\/wp\/v2\/users\/1"}],"replies":[{"embeddable":true,"href":"https:\/\/www.exportapymes.com\/comercio-exterior-america-esp\/wp-json\/wp\/v2\/comments?post=151"}],"version-history":[{"count":0,"href":"https:\/\/www.exportapymes.com\/comercio-exterior-america-esp\/wp-json\/wp\/v2\/posts\/151\/revisions"}],"wp:attachment":[{"href":"https:\/\/www.exportapymes.com\/comercio-exterior-america-esp\/wp-json\/wp\/v2\/media?parent=151"}],"wp:term":[{"taxonomy":"category","embeddable":true,"href":"https:\/\/www.exportapymes.com\/comercio-exterior-america-esp\/wp-json\/wp\/v2\/categories?post=151"},{"taxonomy":"post_tag","embeddable":true,"href":"https:\/\/www.exportapymes.com\/comercio-exterior-america-esp\/wp-json\/wp\/v2\/tags?post=151"}],"curies":[{"name":"wp","href":"https:\/\/api.w.org\/{rel}","templated":true}]}}