{"id":1517,"date":"2008-01-22T13:30:28","date_gmt":"2008-01-22T20:30:28","guid":{"rendered":"http:\/\/www.exportapymes.com\/comercio-exterior-america-esp\/taller-como-exportar-a-la-union-europea\/"},"modified":"2008-01-22T13:30:28","modified_gmt":"2008-01-22T20:30:28","slug":"taller-como-exportar-a-la-union-europea","status":"publish","type":"post","link":"https:\/\/www.exportapymes.com\/comercio-exterior-america-esp\/taller-como-exportar-a-la-union-europea\/","title":{"rendered":"Taller C\u00f3mo exportar a la Uni\u00f3n Europea?"},"content":{"rendered":"<p><em>Trujillo \u2013 24 y 25 de Enero de 2008<\/em><br \/>\nEl <strong>Ministerio de Comercio Exterior y Turismo<\/strong>, en el marco del <strong>Proyecto de Cooperaci\u00f3n Uni\u00f3n Europea \u2013 Per\u00fa<\/strong>, en Materia de Asistencia T\u00e9cnica Relativa al Comercio, ha programado la realizaci\u00f3n de un <strong>Taller: C\u00f3mo exportar a la Uni\u00f3n Europea<\/strong>?, que estar\u00e1 a cargo de la Consultora Internacional Katelyne Ghemar, especialista en temas de acceso a mercados, particularmente en obst\u00e1culos t\u00e9cnicos al comercio.<br \/>\n<img decoding=\"async\" src=\"http:\/\/www.exportapymes.com\/comercio-exterior-america-esp\/images\/ban\/peru.jpg\" \/>   El Taller est\u00e1 dirigido a los representantes del sector privado, particularmente a los <strong>empresarios exportadores<\/strong> o con <strong>oferta exportable potencial hac\u00eda el mercado de la UE<\/strong>, con<br \/>\n<!--more-->el fin de brindarles conocimientos te\u00f3rico-pr\u00e1cticos sobre los requisitos t\u00e9cnicos, los controles y en general las condiciones de acceso que aplica la UE sus Estados Miembros.<\/p>\n<p>Lugar: Auditorio de la Escuela de Postgrado de la Universidad Privada C\u00e9sar Vallejo.<\/p>\n<p>Direcci\u00f3n: Av. V\u00edctor Larco 1700 &#8211; Urb. Las Flores &#8211; V\u00edctor Larco &#8211; Trujillo<\/p>\n<p>Fecha: 24 y 25 de enero de 2008<\/p>\n<p>Horario:<br \/>\n08:30 a.m. &#8211; 01:00 p.m.<br \/>\n03:00 p.m. &#8211; 06.00 p.m.<\/p>\n<p>Informes e Inscripci\u00f3n: La inscripci\u00f3n ser\u00e1 hasta las 5:00 p.m. del lunes 21 de enero de 2008.<\/p>\n<p>Lima: Ministerio de Comercio Exterior y Turismo, Se\u00f1or Alejandro Bravo Mart\u00ednez, e-mail: <a href=\"mailto:abravo@mincetur.gob.pe\">abravo@mincetur.gob.pe<\/a> o al tel\u00e9fono (51) 513-6100 Anexo 8044.<br \/>\nTrujillo: Universidad Particular C\u00e9sar Vallejo, Se\u00f1or Rafael Santisteban, e-mail: <a href=\"mailto:vsantisteban@promperu.gob.pe\">vsantisteban@promperu.gob.pe<\/a> o al tel\u00e9fono (044) 294561.<br \/>\nINGRESO LIBRE (previa inscripci\u00f3n) <\/p>\n<p>&#8211; <a target=\"_blank\" href=\"http:\/\/www.mincetur.gob.pe\/newweb\/Portals\/0\/Ficha%20de%20inscripcion%20Trujillo%20Rev%201.doc\">Ficha de Inscripci\u00f3n<br \/>\n<\/a>&#8211; <a target=\"_blank\" href=\"http:\/\/www.mincetur.gob.pe\/newweb\/Portals\/0\/Programa%20Taller%20de%20OTC-Trujillo.pdf\">Programa<\/a><\/p>\n","protected":false},"excerpt":{"rendered":"<p>Trujillo \u2013 24 y 25 de Enero de 2008 El Ministerio de Comercio Exterior y Turismo, en el marco del Proyecto de Cooperaci\u00f3n Uni\u00f3n Europea \u2013 Per\u00fa, en Materia de Asistencia T\u00e9cnica Relativa al Comercio, ha programado la realizaci\u00f3n de<span class=\"ellipsis\">&hellip;<\/span><\/p>\n<div class=\"read-more\"><a href=\"https:\/\/www.exportapymes.com\/comercio-exterior-america-esp\/taller-como-exportar-a-la-union-europea\/\">Leer m&aacute;s &#8250;<\/a><\/div>\n<p><!-- end of .read-more --><\/p>\n","protected":false},"author":1,"featured_media":0,"comment_status":"open","ping_status":"open","sticky":false,"template":"","format":"standard","meta":{"footnotes":""},"categories":[28,30,24,32,25,17],"tags":[],"class_list":["post-1517","post","type-post","status-publish","format-standard","hentry","category-capacitacion","category-comercio-exterior","category-exportacion","category-exportar","category-internacionalizacion","category-peru"],"_links":{"self":[{"href":"https:\/\/www.exportapymes.com\/comercio-exterior-america-esp\/wp-json\/wp\/v2\/posts\/1517","targetHints":{"allow":["GET"]}}],"collection":[{"href":"https:\/\/www.exportapymes.com\/comercio-exterior-america-esp\/wp-json\/wp\/v2\/posts"}],"about":[{"href":"https:\/\/www.exportapymes.com\/comercio-exterior-america-esp\/wp-json\/wp\/v2\/types\/post"}],"author":[{"embeddable":true,"href":"https:\/\/www.exportapymes.com\/comercio-exterior-america-esp\/wp-json\/wp\/v2\/users\/1"}],"replies":[{"embeddable":true,"href":"https:\/\/www.exportapymes.com\/comercio-exterior-america-esp\/wp-json\/wp\/v2\/comments?post=1517"}],"version-history":[{"count":0,"href":"https:\/\/www.exportapymes.com\/comercio-exterior-america-esp\/wp-json\/wp\/v2\/posts\/1517\/revisions"}],"wp:attachment":[{"href":"https:\/\/www.exportapymes.com\/comercio-exterior-america-esp\/wp-json\/wp\/v2\/media?parent=1517"}],"wp:term":[{"taxonomy":"category","embeddable":true,"href":"https:\/\/www.exportapymes.com\/comercio-exterior-america-esp\/wp-json\/wp\/v2\/categories?post=1517"},{"taxonomy":"post_tag","embeddable":true,"href":"https:\/\/www.exportapymes.com\/comercio-exterior-america-esp\/wp-json\/wp\/v2\/tags?post=1517"}],"curies":[{"name":"wp","href":"https:\/\/api.w.org\/{rel}","templated":true}]}}