{"id":1521,"date":"2008-01-22T16:39:05","date_gmt":"2008-01-22T23:39:05","guid":{"rendered":"http:\/\/www.exportapymes.com\/comercio-exterior-america-esp\/exporta-el-salvador-lanza-plan-de-ferias-y-misiones-2008\/"},"modified":"2008-01-22T16:39:05","modified_gmt":"2008-01-22T23:39:05","slug":"exporta-el-salvador-lanza-plan-de-ferias-y-misiones-2008","status":"publish","type":"post","link":"https:\/\/www.exportapymes.com\/comercio-exterior-america-esp\/exporta-el-salvador-lanza-plan-de-ferias-y-misiones-2008\/","title":{"rendered":"Exporta El Salvador lanza Plan de Ferias y Misiones 2008"},"content":{"rendered":"<p>La <strong>Agencia de Promoci\u00f3n de Exportaciones de El Salvador (Exporta)<\/strong> en coordinaci\u00f3n con la <strong>Agencia de los Estados Unidos para el Desarrollo Internacional (USAID)<\/strong>, el <strong>Fondo de Desarrollo Productivo<\/strong> y la <strong>C\u00e1mara de Comercio e Industria de El Salvador<\/strong>, realizaron la presentaci\u00f3n del  <strong>Plan de Ferias y Misiones 2008<\/strong>.<br \/>\n<img loading=\"lazy\" decoding=\"async\" width=\"100\" src=\"http:\/\/www.exportapymes.com\/comercio-exterior-america-esp\/images\/exporta-agencia-promocion-exportaciones-el-salvador.jpg\" alt=\"Agencia de Promoci\u00f3n de Exportaciones de El Salvador\" height=\"68\" style=\"width: 100px; height: 68px\" title=\"Agencia de Promoci\u00f3n de Exportaciones de El Salvador\" \/>   Dicha presentaci\u00f3n se encuentra dentro del contexto del Plan de trabajo conjunto que incluye los destinos, sectores a<br \/>\n<!--more--> apoyar, las metas propuestas as\u00ed como del uso de la  imagen pa\u00eds todo esto coordinado, consensuado con las diferentes instituciones.<\/p>\n<p>Esta coordinaci\u00f3n de esfuerzos interinstitucionales garantizan el<strong> proceso exportador<\/strong>, de forma rentable, \u00e1gil y fluida, creando las condiciones necesarias que permitan a la empresa ser m\u00e1s competitiva y capaz de adaptarse a las exigencias del <strong>mercado internacional<\/strong>, en este contexto las instituciones seguir\u00e1n trabajando en conjunto el  plan de Misiones Comerciales y asistencia a Ferias con las instituciones de apoyo al sector, cumpliendo con la diversificaci\u00f3n de mercados.<\/p>\n<p>Las Ferias y Misiones son una herramienta decisiva para cerrar negocios y como dice nuestro lema, para \u201c<strong>Transformar Oportunidades en Exportaciones<\/strong>\u201d.<\/p>\n<p>Es a trav\u00e9s de las ferias y de las misiones que los exportadores tienen la oportunidad de exhibir sus productos, encontrar contactos de negocios como distribuidores, compradores, representantes comerciales, conocer los productos y precios de su competencia y tener un panorama integral y de primera mano del comportamiento de los mercados.<\/p>\n<p>Pero en definitiva, en EXPORTA vemos a las ferias y a las misiones como el paso fundamental para que las empresas incrementen sus exportaciones o que aquellas que aun no exportan, lo hagan por primera vez, ya que estos eventos de promoci\u00f3n comercial son el espacio ideal para negociar env\u00edos, destac\u00f3 el Dr. Aldo Vallejo Director de Exporta.<\/p>\n","protected":false},"excerpt":{"rendered":"<p>La Agencia de Promoci\u00f3n de Exportaciones de El Salvador (Exporta) en coordinaci\u00f3n con la Agencia de los Estados Unidos para el Desarrollo Internacional (USAID), el Fondo de Desarrollo Productivo y la C\u00e1mara de Comercio e Industria de El Salvador, realizaron<span class=\"ellipsis\">&hellip;<\/span><\/p>\n<div class=\"read-more\"><a href=\"https:\/\/www.exportapymes.com\/comercio-exterior-america-esp\/exporta-el-salvador-lanza-plan-de-ferias-y-misiones-2008\/\">Leer m&aacute;s &#8250;<\/a><\/div>\n<p><!-- end of .read-more --><\/p>\n","protected":false},"author":1,"featured_media":0,"comment_status":"open","ping_status":"open","sticky":false,"template":"","format":"standard","meta":{"footnotes":""},"categories":[30,9,41,24,35,32,25],"tags":[],"class_list":["post-1521","post","type-post","status-publish","format-standard","hentry","category-comercio-exterior","category-el-salvador","category-exporta-promocion-de-eportaciones-de-el-salvador","category-exportacion","category-exportador","category-exportar","category-internacionalizacion"],"_links":{"self":[{"href":"https:\/\/www.exportapymes.com\/comercio-exterior-america-esp\/wp-json\/wp\/v2\/posts\/1521","targetHints":{"allow":["GET"]}}],"collection":[{"href":"https:\/\/www.exportapymes.com\/comercio-exterior-america-esp\/wp-json\/wp\/v2\/posts"}],"about":[{"href":"https:\/\/www.exportapymes.com\/comercio-exterior-america-esp\/wp-json\/wp\/v2\/types\/post"}],"author":[{"embeddable":true,"href":"https:\/\/www.exportapymes.com\/comercio-exterior-america-esp\/wp-json\/wp\/v2\/users\/1"}],"replies":[{"embeddable":true,"href":"https:\/\/www.exportapymes.com\/comercio-exterior-america-esp\/wp-json\/wp\/v2\/comments?post=1521"}],"version-history":[{"count":0,"href":"https:\/\/www.exportapymes.com\/comercio-exterior-america-esp\/wp-json\/wp\/v2\/posts\/1521\/revisions"}],"wp:attachment":[{"href":"https:\/\/www.exportapymes.com\/comercio-exterior-america-esp\/wp-json\/wp\/v2\/media?parent=1521"}],"wp:term":[{"taxonomy":"category","embeddable":true,"href":"https:\/\/www.exportapymes.com\/comercio-exterior-america-esp\/wp-json\/wp\/v2\/categories?post=1521"},{"taxonomy":"post_tag","embeddable":true,"href":"https:\/\/www.exportapymes.com\/comercio-exterior-america-esp\/wp-json\/wp\/v2\/tags?post=1521"}],"curies":[{"name":"wp","href":"https:\/\/api.w.org\/{rel}","templated":true}]}}