{"id":1532,"date":"2008-01-29T20:52:05","date_gmt":"2008-01-30T03:52:05","guid":{"rendered":"http:\/\/www.exportapymes.com\/comercio-exterior-america-esp\/servicios-de-apoyo-a-la-internacionalizacion-de-las-empresas-de-la-comunitat-valenciana\/"},"modified":"2008-01-29T20:54:43","modified_gmt":"2008-01-30T03:54:43","slug":"servicios-de-apoyo-a-la-internacionalizacion-de-las-empresas-de-la-comunitat-valenciana","status":"publish","type":"post","link":"https:\/\/www.exportapymes.com\/comercio-exterior-america-esp\/servicios-de-apoyo-a-la-internacionalizacion-de-las-empresas-de-la-comunitat-valenciana\/","title":{"rendered":"Servicios de apoyo a la internacionalizaci\u00f3n de las empresas de la Comunitat Valenciana"},"content":{"rendered":"<p>El <strong>Instituto Valenciano de la Exportaci\u00f3n (IVEX)<\/strong>, en su apuesta por la innovaci\u00f3n y la <strong>internacionalizaci\u00f3n de las empresas de la Comunitat Valenciana<\/strong>, dispone de una serie de servicios con el objetivo de apoyar su acci\u00f3n en los mercados internacionales.<br \/>\n<img loading=\"lazy\" decoding=\"async\" width=\"322\" src=\"http:\/\/www.exportapymes.com\/comercio-exterior-america-esp\/images\/ivex.jpg\" alt=\"Instituto Valenciano de la Exportaci\u00f3n - IVEX\" height=\"47\" style=\"width: 322px; height: 47px\" title=\"Instituto Valenciano de la Exportaci\u00f3n - IVEX\" \/>   Dichos programas son: los Servicios a empresas, el  Plan de promoci\u00f3n exterior, los Programas de apoyo, y las  \u00d3rdenes de ayuda.<br \/>\n<!--more--><\/p>\n<p><em><strong>Servicios a empresas<br \/>\n<\/strong><\/em>Los <strong>servicios de apoyo a la internacionalizaci\u00f3n<\/strong> desarrollados por el IVEX se caracterizan por su car\u00e1cter personalizado y flexible, susceptiles de ser adaptados a las condiciones y necesidades concretas de la empresa, dependiendo del mercado objetivo o sector de actividad.<\/p>\n<p>A traves de ellos se pueden realizar las siguientes acciones:<\/p>\n<p>&#8211; B\u00fasqueda de Canales de distribuci\u00f3n<br \/>\n&#8211; Sondeo y Prospecci\u00f3n de mercados<br \/>\n&#8211; Organizaci\u00f3n de sus viajes de prospecci\u00f3n<br \/>\n&#8211; Seguimiento de contactos<br \/>\n&#8211; Organizaci\u00f3n de su participaci\u00f3n en ferias internacionales<br \/>\n&#8211; Asistencia operativa en el mundo<br \/>\n&#8211; Gesti\u00f3n de su cartera de clientes<br \/>\n&#8211; Asesoramiento y gesti\u00f3n de sus procesos de implantaci\u00f3n<br \/>\n&#8211; Asesoramiento y seguimiento en sus procesos de homologaci\u00f3n<br \/>\n&#8211; Gesti\u00f3n de recursos humanos en destino<br \/>\n&#8211; Centros Empresariales<br \/>\n&#8211; Ivexmark.China<br \/>\n&#8211; Ivexcredit.China<br \/>\n&#8211; Ivexfoodact.EEUU <\/p>\n<p><strong><em>Plan de promoci\u00f3n exterior<br \/>\n<\/em><\/strong>Con el objeto de impulsar la presencia de los productos y empresas de la Comunitat Valenciana en el exterior, el IVEX desarrolla un ambicioso Plan de Promoci\u00f3n, en colaboraci\u00f3n con el Consejo de C\u00e1maras de la Comunitat Valenciana y las asociaciones sectoriales.<\/p>\n<p>Adem\u00e1s de las acciones sectoriales, el IVEX apuesta por instrumentos de promoci\u00f3n novedosos que contribuyan a consolidar la posici\u00f3n de la Comunitat Valenciana en los mercados internacionales, tales como Promociones en Punto de Venta o Misiones inversas de Prescriptores y Compradores.<\/p>\n<p>Para el desarrollo de todas estas iniciativas, el IVEX cuenta con una extensa red de delegaciones en el exterior, desde las cuales se organizan, coordinan y desarrollan estas acciones desde el propio mercado.<\/p>\n<p><em><strong>Programas de apoyo<\/strong><\/em><br \/>\nEl IVEX ha dise\u00f1ado un amplio cat\u00e1logo de programas de apoyo para cada una de las fases del proceso de internacionalizaci\u00f3n, desde el inicio o replanteamiento de la actividad hasta la consolidaci\u00f3n de una presencia estable en el exterior.<\/p>\n<p>En el dise\u00f1o de estos programas, en revisi\u00f3n permanente, el IVEX apuesta por la incorporaci\u00f3n de metodolog\u00edas de trabajo, herramientas a largo plazo, formaci\u00f3n y asesoramiento.<\/p>\n<p>\u00bfEl objetivo? Proveer a la empresa de herramientas a largo plazo que faciliten el desarrollo de su estrategia empresarial.<\/p>\n<p><em><strong>\u00d3rdenes de ayuda<\/strong><\/em><em><strong>El IVEX le ofrece tres l\u00edneas de ayuda para el desarrollo de acciones de internacionalizaci\u00f3n:<\/p>\n<p><\/strong><\/em>.<em>Orden de Internacionalizaci\u00f3n y Promoci\u00f3n Comercial:<\/em><em>Apoyo a la participaci\u00f3n individual o agrupada de su empresa o entidad en un certamen ferial, realizaci\u00f3n de una misi\u00f3n comercial, contrataci\u00f3n de un gestor a tiempo parcial, as\u00ed como el desarrollo de un Plan estrat\u00e9gico de un Grupo de Promoci\u00f3n.<\/p>\n<p><\/em>Plazo de presentaci\u00f3n de solicitudes:<br \/>\n&#8211; Asociaciones, C\u00e1maras y entidades:<br \/>\n    Planes sectoriales y de promoci\u00f3n exterior: Hasta el 11 de Febrero 2008<br \/>\n    Acciones individuales: Hasta el 25 de Abril 2008<\/p>\n<p>&#8211; Consorcios de exportaci\u00f3n y\/o grupos de promoci\u00f3n: Hasta el 11 de Abril 2008<br \/>\n&#8211; Gestores a tiempo parcial: Hasta el 5 de Julio 2008<\/p>\n<p>&#8211; Empresas:<br \/>\n    Acciones IVEX: hasta el 12 de septiembre de 2008<br \/>\n    Acciones individuales: hasta el 11 de julio de 2008<\/p>\n<p><em>.Orden de Apoyo a la Implantaci\u00f3n de Empresas en el Exterior:<\/em><em>Acciones realizadas por empresas valencianas vinculadas a procesos de implantaci\u00f3n y cooperaci\u00f3n en los mercados exteriores.<\/p>\n<p><\/em>Plazo de presentaci\u00f3n de solicitudes: La orden ser\u00e1 publicada en breve<br \/>\n<em><br \/>\n.Orden de Apoyo a la Consolidaci\u00f3n de Marcas:<\/em><em>Ayudas destinadas a las actuaciones que tengan por objeto la consolidaci\u00f3n de marcas en mercados internacionales, as\u00ed como la protecci\u00f3n y defensa jur\u00eddica de las mismas.<\/p>\n<p><\/em>Plazo de presentaci\u00f3n de solicitudes: Hasta el 16 de Mayo 2008.<\/p>\n<p>M\u00e1s informaci\u00f3n: <strong><a target=\"_blank\" href=\"http:\/\/www.ivex.es\">Instituto Valenciano de la Exportaci\u00f3n (IVEX)<\/a><\/strong><\/p>\n","protected":false},"excerpt":{"rendered":"<p>El Instituto Valenciano de la Exportaci\u00f3n (IVEX), en su apuesta por la innovaci\u00f3n y la internacionalizaci\u00f3n de las empresas de la Comunitat Valenciana, dispone de una serie de servicios con el objetivo de apoyar su acci\u00f3n en los mercados internacionales.<span class=\"ellipsis\">&hellip;<\/span><\/p>\n<div class=\"read-more\"><a href=\"https:\/\/www.exportapymes.com\/comercio-exterior-america-esp\/servicios-de-apoyo-a-la-internacionalizacion-de-las-empresas-de-la-comunitat-valenciana\/\">Leer m&aacute;s &#8250;<\/a><\/div>\n<p><!-- end of .read-more --><\/p>\n","protected":false},"author":1,"featured_media":0,"comment_status":"open","ping_status":"open","sticky":false,"template":"","format":"standard","meta":{"footnotes":""},"categories":[30,22,24,35,32,25,50,27],"tags":[],"class_list":["post-1532","post","type-post","status-publish","format-standard","hentry","category-comercio-exterior","category-espana","category-exportacion","category-exportador","category-exportar","category-internacionalizacion","category-ivex","category-pymes"],"_links":{"self":[{"href":"https:\/\/www.exportapymes.com\/comercio-exterior-america-esp\/wp-json\/wp\/v2\/posts\/1532","targetHints":{"allow":["GET"]}}],"collection":[{"href":"https:\/\/www.exportapymes.com\/comercio-exterior-america-esp\/wp-json\/wp\/v2\/posts"}],"about":[{"href":"https:\/\/www.exportapymes.com\/comercio-exterior-america-esp\/wp-json\/wp\/v2\/types\/post"}],"author":[{"embeddable":true,"href":"https:\/\/www.exportapymes.com\/comercio-exterior-america-esp\/wp-json\/wp\/v2\/users\/1"}],"replies":[{"embeddable":true,"href":"https:\/\/www.exportapymes.com\/comercio-exterior-america-esp\/wp-json\/wp\/v2\/comments?post=1532"}],"version-history":[{"count":0,"href":"https:\/\/www.exportapymes.com\/comercio-exterior-america-esp\/wp-json\/wp\/v2\/posts\/1532\/revisions"}],"wp:attachment":[{"href":"https:\/\/www.exportapymes.com\/comercio-exterior-america-esp\/wp-json\/wp\/v2\/media?parent=1532"}],"wp:term":[{"taxonomy":"category","embeddable":true,"href":"https:\/\/www.exportapymes.com\/comercio-exterior-america-esp\/wp-json\/wp\/v2\/categories?post=1532"},{"taxonomy":"post_tag","embeddable":true,"href":"https:\/\/www.exportapymes.com\/comercio-exterior-america-esp\/wp-json\/wp\/v2\/tags?post=1532"}],"curies":[{"name":"wp","href":"https:\/\/api.w.org\/{rel}","templated":true}]}}