{"id":1559,"date":"2008-03-24T16:36:44","date_gmt":"2008-03-24T23:36:44","guid":{"rendered":"http:\/\/www.exportapymes.com\/comercio-exterior-america-esp\/incentivan-a-las-mujeres-costarricenses-para-que-puedan-exportar-mas\/"},"modified":"2008-03-24T16:36:44","modified_gmt":"2008-03-24T23:36:44","slug":"incentivan-a-las-mujeres-costarricenses-para-que-puedan-exportar-mas","status":"publish","type":"post","link":"https:\/\/www.exportapymes.com\/comercio-exterior-america-esp\/incentivan-a-las-mujeres-costarricenses-para-que-puedan-exportar-mas\/","title":{"rendered":"Incentivan a las mujeres costarricenses para que puedan exportar m\u00e1s"},"content":{"rendered":"<p><img loading=\"lazy\" decoding=\"async\" width=\"278\" src=\"http:\/\/www.exportapymes.com\/comercio-exterior-america-esp\/images\/internacionalizacion\/comex-costa-rica.jpg\" alt=\"Comex - Comercio Exterior Costa Rica\" height=\"95\" style=\"width: 278px; height: 95px\" title=\"Comex - Comercio Exterior Costa Rica\" \/>   <img loading=\"lazy\" decoding=\"async\" width=\"150\" src=\"http:\/\/www.exportapymes.com\/comercio-exterior-america-esp\/images\/procomer.jpg\" alt=\"Procomer\" height=\"108\" style=\"width: 150px; height: 108px\" title=\"Procomer\" \/><br \/>\nCon el fin de que las <strong>micro, peque\u00f1as y medianas empresas costarricenses<\/strong> lideradas por mujeres, se fortalezcan e incrementen su capacidad competitiva, el <strong>Ministerio de Comercio Exterior (COMEX)<\/strong>, la <strong>Promotora de Comercio Exterior (PROCOMER) <\/strong>y el <strong>Instituto Nacional de las Mujeres (INAMU)<\/strong>, anunciaron un plan de trabajo para este a\u00f1o que busca promover y proyectar el potencial emprendedor de las mujeres.<br \/>\n<!--more-->En el marco de este plan de acci\u00f3n se contemplan tres ejes:<\/p>\n<p>\u2022 Capacitaci\u00f3n de mujeres<br \/>\n\u2022 Participaci\u00f3n de mujeres en eventos de promoci\u00f3n del comercio<br \/>\n\u2022 Participaci\u00f3n de las instituciones en proyectos conjuntos<\/p>\n<p>En materia de capacitaci\u00f3n, se planea realizar, en el primer semestre, en el mes de mayo, un taller para 30 empresarias no exportadoras y otro en el segundo semestre, dirigido a 20 mujeres con experiencia exportadora.<\/p>\n<p>En lo que a participaci\u00f3n de mujeres empresarias en eventos de promoci\u00f3n del comercio se contempla la participaci\u00f3n en:<\/p>\n<p>\u2022 Misi\u00f3n Comercial de Puerto Rico, a celebrarse del 2 al 5 de abril: al menos dos empresarias del sector de la industria alimentaria, la actividad se incluye una exhibici\u00f3n de productos con una de las principales cadenas de supermercados de Puerto Rico.<\/p>\n<p>\u2022 Evento con Giovanna Hukye, chef internacional puertorrique\u00f1a en nuestro pa\u00eds en el mes de abril: al menos cuatro mujeres empresarias de la industria alimentaria.<\/p>\n<p>\u2022 Misi\u00f3n a China, a celebrarse del 5 al 8 de mayo: al menos dos empresarias dedicadas a la promoci\u00f3n del caf\u00e9 gourmet costarricense.<\/p>\n<p>\u2022 Feria en Rep\u00fablica Dominicana, a celebrarse en agosto en Punta Cana: de al menos cuatro empresarias dedicadas a la confecci\u00f3n de productos para el sector turismo<\/p>\n<p>\u2022 Misi\u00f3n de Compradores, a celebrarse en setiembre en Costa Rica: de un grupo numeroso de empresarias que ofrezcan bienes tangibles.<\/p>\n<p>Las listas de las posibles participantes en cada misi\u00f3n y en cada capacitaci\u00f3n ser\u00e1n suministradas por el INAMU. Se buscar\u00e1 apoyo financiero de diferentes instituciones p\u00fablicas y privadas para financiar la participaci\u00f3n de las mujeres empresarias, en los casos que sea necesario.<\/p>\n<p>En el campo de proyectos comunes, COMEX y PROCOMER apoyaran el proyecto del INAMU de certificaci\u00f3n laboral, mediante el sistema de gesti\u00f3n para la igualdad y equidad de g\u00e9nero, que se est\u00e1 desarrollando.<\/p>\n<p><em>Sobre el Convenio<\/em><br \/>\nEl impulso a las mujeres empresarias se da tras la firma de un convenio de cooperaci\u00f3n firmado el 14 de diciembre del a\u00f1o pasado, por estas instituciones, en el marco de la Feria Nacional de Mujeres Empresarias La se\u00f1ora Jeannette Carrillo Madrigal, Presidenta Ejecutiva del INAMU, se\u00f1al\u00f3 que \u201cEste plan de acci\u00f3n busca unir esfuerzos institucionales para promover y proyectar el potencial emprendedor de las mujeres, posibilitando y creando las condiciones para una participaci\u00f3n con ventajas competitivas en el marco nacional e internacional, que propicie el fortalecimiento de sus negocios y los encadenamientos productivos\u201d.<\/p>\n<p>En el mismo sentido, la Viceministra de Comercio Exterior, se\u00f1ora Amparo Pacheco coment\u00f3 que \u201cel objetivo de esta alianza es unir los esfuerzos de estas instituciones, para potenciar sus capacidades y lograr que las micro, peque\u00f1as y medianas empresas costarricenses lideradas por mujeres, se fortalezcan e incrementen su capacidad competitiva y de participaci\u00f3n en el <strong>mercado internacional<\/strong>\u201d.<\/p>\n<p>Finalmente, la Asistente de la Gerencia General de Procomer, Marielos Cambronero, se\u00f1al\u00f3 el inter\u00e9s de las instituciones de establecer pol\u00edticas que estimulen la igualdad y equidad de g\u00e9nero en los servicios que PROCOMER ofrece en materia de <strong>promoci\u00f3n de las exportaciones<\/strong>.<\/p>\n","protected":false},"excerpt":{"rendered":"<p>Con el fin de que las micro, peque\u00f1as y medianas empresas costarricenses lideradas por mujeres, se fortalezcan e incrementen su capacidad competitiva, el Ministerio de Comercio Exterior (COMEX), la Promotora de Comercio Exterior (PROCOMER) y el Instituto Nacional de las<span class=\"ellipsis\">&hellip;<\/span><\/p>\n<div class=\"read-more\"><a href=\"https:\/\/www.exportapymes.com\/comercio-exterior-america-esp\/incentivan-a-las-mujeres-costarricenses-para-que-puedan-exportar-mas\/\">Leer m&aacute;s &#8250;<\/a><\/div>\n<p><!-- end of .read-more --><\/p>\n","protected":false},"author":1,"featured_media":0,"comment_status":"open","ping_status":"open","sticky":false,"template":"","format":"standard","meta":{"footnotes":""},"categories":[28,30,6,24,35,25,29,39,27,49],"tags":[],"class_list":["post-1559","post","type-post","status-publish","format-standard","hentry","category-capacitacion","category-comercio-exterior","category-costa-rica","category-exportacion","category-exportador","category-internacionalizacion","category-mipymes","category-procomer-promotora-de-comercio-exterior-de-costa-rica","category-pymes","category-pymex"],"_links":{"self":[{"href":"https:\/\/www.exportapymes.com\/comercio-exterior-america-esp\/wp-json\/wp\/v2\/posts\/1559","targetHints":{"allow":["GET"]}}],"collection":[{"href":"https:\/\/www.exportapymes.com\/comercio-exterior-america-esp\/wp-json\/wp\/v2\/posts"}],"about":[{"href":"https:\/\/www.exportapymes.com\/comercio-exterior-america-esp\/wp-json\/wp\/v2\/types\/post"}],"author":[{"embeddable":true,"href":"https:\/\/www.exportapymes.com\/comercio-exterior-america-esp\/wp-json\/wp\/v2\/users\/1"}],"replies":[{"embeddable":true,"href":"https:\/\/www.exportapymes.com\/comercio-exterior-america-esp\/wp-json\/wp\/v2\/comments?post=1559"}],"version-history":[{"count":0,"href":"https:\/\/www.exportapymes.com\/comercio-exterior-america-esp\/wp-json\/wp\/v2\/posts\/1559\/revisions"}],"wp:attachment":[{"href":"https:\/\/www.exportapymes.com\/comercio-exterior-america-esp\/wp-json\/wp\/v2\/media?parent=1559"}],"wp:term":[{"taxonomy":"category","embeddable":true,"href":"https:\/\/www.exportapymes.com\/comercio-exterior-america-esp\/wp-json\/wp\/v2\/categories?post=1559"},{"taxonomy":"post_tag","embeddable":true,"href":"https:\/\/www.exportapymes.com\/comercio-exterior-america-esp\/wp-json\/wp\/v2\/tags?post=1559"}],"curies":[{"name":"wp","href":"https:\/\/api.w.org\/{rel}","templated":true}]}}