{"id":156,"date":"2006-03-14T21:31:53","date_gmt":"2006-03-15T04:31:53","guid":{"rendered":"http:\/\/www.exportapymes.com\/comercio-exterior-america-esp\/empresas-de-extremadura-buscan-mercado-en-brasil\/"},"modified":"2006-03-14T21:31:53","modified_gmt":"2006-03-15T04:31:53","slug":"empresas-de-extremadura-buscan-mercado-en-brasil","status":"publish","type":"post","link":"https:\/\/www.exportapymes.com\/comercio-exterior-america-esp\/empresas-de-extremadura-buscan-mercado-en-brasil\/","title":{"rendered":"Empresas de Extremadura buscan mercado en Brasil"},"content":{"rendered":"<p>Una decena de empresas de las provincias espa\u00f1olas de C\u00e1ceres y Badajoz (Extremadura) comenz\u00f3 hoy una misi\u00f3n comercial en Brasil con el objetivo de abrir mercado y afianzarse en el prometedor gigante suramericano.<br \/>\n<img decoding=\"async\" src=\"http:\/\/www.exportapymes.com\/comercio-exterior-america-esp\/images\/ban\/spain.jpg\" \/>   Durante una semana, compa\u00f1\u00edas pertenecientes a diversos sectores, desde frut\u00edcolas a prestadoras de servicios, visitar\u00e1n en Sao Paulo y R\u00edo de Janeiro a <strong>importadores, distribuidores<\/strong> y<br \/>\n<!--more-->clientes para establecer lazos comerciales y, en el caso de las firmas ya asentadas, aumentar su cuota de mercado.<\/p>\n<p>&#8220;Nuestras empresas ya trabajan con Europa, pero all\u00ed existe un exceso de oferta&#8221;, declar\u00f3 V\u00edctor Manuel Grajera, responsable de <strong>comercio exterior de la C\u00e1mara de Comercio de C\u00e1ceres<\/strong>, que opt\u00f3 por diversificar la oferta y abrir mercado en pa\u00edses &#8220;en crecimiento&#8221; como Brasil.<\/p>\n<p>Adem\u00e1s del intento de estas empresas extreme\u00f1as por hacerse un hueco en el pa\u00eds, algunas de ellas ya conocen el terreno, por lo que el objetivo de su visita ser\u00e1 &#8220;fidelizar a sus clientes y <strong>aumentar su cuota de mercado<\/strong>&#8220;, como es el caso de Bodegas Vi\u00f1a Extreme\u00f1a.<\/p>\n<p>&#8220;Exportamos a 55 pa\u00edses y, desde hace cinco a\u00f1os, tambi\u00e9n a Brasil, por lo que hemos venido para reunirnos con nuestro importador y clientes, as\u00ed como para ver &#8216;in situ&#8217; c\u00f3mo est\u00e1 <strong>posicionado nuestro producto en el mercado<\/strong>&#8220;, explic\u00f3 Manuela Bay\u00f3n, <strong>directora de exportaci\u00f3n de Vi\u00f1a Extreme\u00f1a<\/strong>, que se enfrenta a la competencia de los caldos chilenos y argentinos.<\/p>\n<p>A pesar de ello, Grajera consider\u00f3 que para las bodegas de su regi\u00f3n Brasil &#8220;es un buen mercado&#8221;, mientras que el europeo &#8220;es un mercado maduro, saturado y donde hay un exceso de oferta&#8221;.<\/p>\n<p>&#8220;S\u00f3lo la poblaci\u00f3n del estado de Sao Paulo (40 millones) se aproxima a la de Espa\u00f1a, y hay un segmento que puede ser consumidor de vino&#8221;, a\u00f1adi\u00f3.<\/p>\n<p>Grajera estim\u00f3 que, frente a los precios competitivos de Argentina o Chile, cuyos costes de transporte son menores, las bodegas extreme\u00f1as &#8220;van a jugar con la marca Espa\u00f1a, cuya imagen est\u00e1 relacionada con la calidad&#8221;.<\/p>\n<p>En la misi\u00f3n tambi\u00e9n participan compa\u00f1\u00edas que prestan servicios de consultor\u00eda y formaci\u00f3n profesional, como Aldana y Ade\u00f3n, o empresas agroalimentarias como Frumaex, la central hortofrut\u00edcola m\u00e1s importante de Extremadura, y Agrot\u00e9cnica Extreme\u00f1a, dedicada a la elaboraci\u00f3n de deshidratados y liofilizados vegetales.<\/p>\n<p>&#8220;Ya existen empresas extreme\u00f1as de fruta fresca que producen aqu\u00ed y cuya implantaci\u00f3n en el pa\u00eds es bastante grande&#8221;, apunt\u00f3 Grajera, que valor\u00f3 las inversiones en tierras que est\u00e1n llevando a cabo &#8220;para evitar la estacionalidad y tener productos durante todo el a\u00f1o&#8221;. EFECOM<\/p>\n","protected":false},"excerpt":{"rendered":"<p>Una decena de empresas de las provincias espa\u00f1olas de C\u00e1ceres y Badajoz (Extremadura) comenz\u00f3 hoy una misi\u00f3n comercial en Brasil con el objetivo de abrir mercado y afianzarse en el prometedor gigante suramericano. Durante una semana, compa\u00f1\u00edas pertenecientes a diversos<span class=\"ellipsis\">&hellip;<\/span><\/p>\n<div class=\"read-more\"><a href=\"https:\/\/www.exportapymes.com\/comercio-exterior-america-esp\/empresas-de-extremadura-buscan-mercado-en-brasil\/\">Leer m&aacute;s &#8250;<\/a><\/div>\n<p><!-- end of .read-more --><\/p>\n","protected":false},"author":1,"featured_media":0,"comment_status":"open","ping_status":"open","sticky":false,"template":"","format":"standard","meta":{"footnotes":""},"categories":[22],"tags":[],"class_list":["post-156","post","type-post","status-publish","format-standard","hentry","category-espana"],"_links":{"self":[{"href":"https:\/\/www.exportapymes.com\/comercio-exterior-america-esp\/wp-json\/wp\/v2\/posts\/156","targetHints":{"allow":["GET"]}}],"collection":[{"href":"https:\/\/www.exportapymes.com\/comercio-exterior-america-esp\/wp-json\/wp\/v2\/posts"}],"about":[{"href":"https:\/\/www.exportapymes.com\/comercio-exterior-america-esp\/wp-json\/wp\/v2\/types\/post"}],"author":[{"embeddable":true,"href":"https:\/\/www.exportapymes.com\/comercio-exterior-america-esp\/wp-json\/wp\/v2\/users\/1"}],"replies":[{"embeddable":true,"href":"https:\/\/www.exportapymes.com\/comercio-exterior-america-esp\/wp-json\/wp\/v2\/comments?post=156"}],"version-history":[{"count":0,"href":"https:\/\/www.exportapymes.com\/comercio-exterior-america-esp\/wp-json\/wp\/v2\/posts\/156\/revisions"}],"wp:attachment":[{"href":"https:\/\/www.exportapymes.com\/comercio-exterior-america-esp\/wp-json\/wp\/v2\/media?parent=156"}],"wp:term":[{"taxonomy":"category","embeddable":true,"href":"https:\/\/www.exportapymes.com\/comercio-exterior-america-esp\/wp-json\/wp\/v2\/categories?post=156"},{"taxonomy":"post_tag","embeddable":true,"href":"https:\/\/www.exportapymes.com\/comercio-exterior-america-esp\/wp-json\/wp\/v2\/tags?post=156"}],"curies":[{"name":"wp","href":"https:\/\/api.w.org\/{rel}","templated":true}]}}