{"id":1564,"date":"2008-04-10T15:28:43","date_gmt":"2008-04-10T22:28:43","guid":{"rendered":"http:\/\/www.exportapymes.com\/comercio-exterior-america-esp\/?p=1564"},"modified":"2008-04-10T15:32:59","modified_gmt":"2008-04-10T22:32:59","slug":"mexico-un-mercado-de-oportunidades-para-las-empresas-de-servicios-chilenas","status":"publish","type":"post","link":"https:\/\/www.exportapymes.com\/comercio-exterior-america-esp\/mexico-un-mercado-de-oportunidades-para-las-empresas-de-servicios-chilenas\/","title":{"rendered":"M\u00e9xico: Un Mercado de Oportunidades para las Empresas de Servicios Chilenas"},"content":{"rendered":"<p><img loading=\"lazy\" decoding=\"async\" src=\"http:\/\/www.exportapymes.com\/comercio-exterior-america-esp\/images\/prochile.gif\" alt=\"ProChile\" width=\"149\" height=\"40\" \/><br \/>\nOrganizado por <strong>ProChile <\/strong>y la <strong>C\u00e1mara de Comercio de Santiago<\/strong>, se realizar\u00e1 el d\u00eda jueves 15 de mayo en el Centro de Convenciones de la CCS, el <strong>Seminario: \u201cM\u00e9xico: Un Mercado de Oportunidades para las Empresas de Servicios Chilenas<\/strong>\u201d.<br \/>\nEste encuentro, coordinado por la <strong>Coalici\u00f3n de Exportadores de Servicios<\/strong>, contar\u00e1 con la participaci\u00f3n<br \/>\n<!--more-->especial de los se\u00f1ores: Jorge Matte Langlois (Phd), Presidente de Estudios Psicoindustriales en M\u00e9xico; Rodrigo Ram\u00edrez (Phd), Presidente de TBANC en Guadalajara y Guido Camacho, Director General de Sonda M\u00e9xico.<\/p>\n<p>D\u00eda y lugar: 15 de mayo, a las 8:45 hrs., en el Centro de Convenciones de la CCS (Monjitas 392, Piso 2, Metro Estaci\u00f3n Bellas Artes).<\/p>\n<p>Programa: <a title=\"Seminario: \u201cM\u00e9xico: Un Mercado de Oportunidades para las Empresas de Servicios Chilenas\u201d\" href=\"http:\/\/www.exportapymes.com\/comercio-exterior-america-esp\/doc\/prochile_programa_seminario_servicio_mexico.pdf\" target=\"_blank\">Seminario: \u201cM\u00e9xico: Un Mercado de Oportunidades para las Empresas de Servicios Chilenas\u201d<\/a> (PDF &#8211; 752Kb)<\/p>\n<p><em>Inscripci\u00f3n<\/em>:<br \/>\nFono: 360 7179<br \/>\ne-mail: <a href=\"mailto:msanchez@ccs.cl\">msanchez@ccs.cl<\/a><\/p>\n","protected":false},"excerpt":{"rendered":"<p>Organizado por ProChile y la C\u00e1mara de Comercio de Santiago, se realizar\u00e1 el d\u00eda jueves 15 de mayo en el Centro de Convenciones de la CCS, el Seminario: \u201cM\u00e9xico: Un Mercado de Oportunidades para las Empresas de Servicios Chilenas\u201d. Este<span class=\"ellipsis\">&hellip;<\/span><\/p>\n<div class=\"read-more\"><a href=\"https:\/\/www.exportapymes.com\/comercio-exterior-america-esp\/mexico-un-mercado-de-oportunidades-para-las-empresas-de-servicios-chilenas\/\">Leer m&aacute;s &#8250;<\/a><\/div>\n<p><!-- end of .read-more --><\/p>\n","protected":false},"author":1,"featured_media":0,"comment_status":"open","ping_status":"open","sticky":false,"template":"","format":"standard","meta":{"footnotes":""},"categories":[28,4,30,24,59,25,40,49],"tags":[],"class_list":["post-1564","post","type-post","status-publish","format-standard","hentry","category-capacitacion","category-chile","category-comercio-exterior","category-exportacion","category-exportacion-de-servicios","category-internacionalizacion","category-prochile","category-pymex"],"_links":{"self":[{"href":"https:\/\/www.exportapymes.com\/comercio-exterior-america-esp\/wp-json\/wp\/v2\/posts\/1564","targetHints":{"allow":["GET"]}}],"collection":[{"href":"https:\/\/www.exportapymes.com\/comercio-exterior-america-esp\/wp-json\/wp\/v2\/posts"}],"about":[{"href":"https:\/\/www.exportapymes.com\/comercio-exterior-america-esp\/wp-json\/wp\/v2\/types\/post"}],"author":[{"embeddable":true,"href":"https:\/\/www.exportapymes.com\/comercio-exterior-america-esp\/wp-json\/wp\/v2\/users\/1"}],"replies":[{"embeddable":true,"href":"https:\/\/www.exportapymes.com\/comercio-exterior-america-esp\/wp-json\/wp\/v2\/comments?post=1564"}],"version-history":[{"count":0,"href":"https:\/\/www.exportapymes.com\/comercio-exterior-america-esp\/wp-json\/wp\/v2\/posts\/1564\/revisions"}],"wp:attachment":[{"href":"https:\/\/www.exportapymes.com\/comercio-exterior-america-esp\/wp-json\/wp\/v2\/media?parent=1564"}],"wp:term":[{"taxonomy":"category","embeddable":true,"href":"https:\/\/www.exportapymes.com\/comercio-exterior-america-esp\/wp-json\/wp\/v2\/categories?post=1564"},{"taxonomy":"post_tag","embeddable":true,"href":"https:\/\/www.exportapymes.com\/comercio-exterior-america-esp\/wp-json\/wp\/v2\/tags?post=1564"}],"curies":[{"name":"wp","href":"https:\/\/api.w.org\/{rel}","templated":true}]}}