{"id":1567,"date":"2008-04-11T12:47:02","date_gmt":"2008-04-11T19:47:02","guid":{"rendered":"http:\/\/www.exportapymes.com\/comercio-exterior-america-esp\/?p=1567"},"modified":"2008-04-11T12:47:02","modified_gmt":"2008-04-11T19:47:02","slug":"salon-internacional-del-club-de-gourmets","status":"publish","type":"post","link":"https:\/\/www.exportapymes.com\/comercio-exterior-america-esp\/salon-internacional-del-club-de-gourmets\/","title":{"rendered":"Sal\u00f3n Internacional del Club de Gourmets"},"content":{"rendered":"<p><img loading=\"lazy\" decoding=\"async\" src=\"http:\/\/www.exportapymes.com\/comercio-exterior-america-esp\/images\/otras\/Club-de-Gourmets.jpg\" alt=\"Club de Gourmets\" width=\"191\" height=\"91\" \/><br \/>\nDel 14 al 17 de abril se celebrar\u00e1 en Madrid, el<strong> XXII Sal\u00f3n Internacional del Club de Gourmets<\/strong> en los pabellones Cristal, Telef\u00f3nica Arena y Sat\u00e9lite del Recinto Ferial de la Casa de Campo con la participaci\u00f3n de m\u00e1s de 1.300 expositores y una asistencia que se calcula en unas 68.000 personas.<br \/>\nEl Sal\u00f3n de Gourmets, que naci\u00f3 con la filosof\u00eda de ser punto de encuentro entre fabricantes y consumidores de los productos alimentarios de alta gama, ha experimentado tal evoluci\u00f3n a lo largo de sus veintid\u00f3s ediciones que se ha convertido en el evento de referencia en el sector de la gastronom\u00eda de calidad.<\/p>\n<p><!--more-->En 1992, al cumplir su sexta edici\u00f3n, estren\u00f3 car\u00e1cter internacional otorgado por la Secretar\u00eda de Estado para el Comercio, convoc\u00e1ndose a partir de entonces como Sal\u00f3n Internacional del Club de Gourmets. Abundando en su aspecto internacional, el a\u00f1o pasado se incorpor\u00f3 como socio de pleno derecho a la UFI (Asociaci\u00f3n de Ferias Internacionales) y tambi\u00e9n como Feria Oficial de la Comunidad de Madrid.<\/p>\n<p>Las Actividades Paralelas que cada a\u00f1o se programan dentro del marco del Sal\u00f3n Internacional del Club de Gourmets suponen tanto para el visitante como para el expositor uno de los aspectos m\u00e1s atractivos e interesantes del Sal\u00f3n.<\/p>\n<p>En la XXII edici\u00f3n que se celebrar\u00e1 los d\u00edas 14, 15, 16 y 17 de abril de 2008, entre otras actividades figurar\u00e1n las siguientes:<\/p>\n<p>&#8211; XV Concurso de Cortadores de Jam\u00f3n \/ Dehesa de Extremadura<\/p>\n<p>&#8211; Entrega de Premios Gourmetour 2008\/09, otorgados mediante votaci\u00f3n por los usuarios de la Gu\u00eda Gourmetour.<\/p>\n<p>&#8211; Gu\u00eda de Vinos Gourmets 2008, otorgados por los usuarios de la Gu\u00eda de Vinos Gourmets.<br \/>\n&#8211; XI Campeonato de Espa\u00f1a de Cocineros \/ J\u00f3venes Restauradores \/ Bocuse d\u2019Or<\/p>\n","protected":false},"excerpt":{"rendered":"<p>Del 14 al 17 de abril se celebrar\u00e1 en Madrid, el XXII Sal\u00f3n Internacional del Club de Gourmets en los pabellones Cristal, Telef\u00f3nica Arena y Sat\u00e9lite del Recinto Ferial de la Casa de Campo con la participaci\u00f3n de m\u00e1s de<span class=\"ellipsis\">&hellip;<\/span><\/p>\n<div class=\"read-more\"><a href=\"https:\/\/www.exportapymes.com\/comercio-exterior-america-esp\/salon-internacional-del-club-de-gourmets\/\">Leer m&aacute;s &#8250;<\/a><\/div>\n<p><!-- end of .read-more --><\/p>\n","protected":false},"author":1,"featured_media":0,"comment_status":"open","ping_status":"open","sticky":false,"template":"","format":"standard","meta":{"footnotes":""},"categories":[30,22,27],"tags":[],"class_list":["post-1567","post","type-post","status-publish","format-standard","hentry","category-comercio-exterior","category-espana","category-pymes"],"_links":{"self":[{"href":"https:\/\/www.exportapymes.com\/comercio-exterior-america-esp\/wp-json\/wp\/v2\/posts\/1567","targetHints":{"allow":["GET"]}}],"collection":[{"href":"https:\/\/www.exportapymes.com\/comercio-exterior-america-esp\/wp-json\/wp\/v2\/posts"}],"about":[{"href":"https:\/\/www.exportapymes.com\/comercio-exterior-america-esp\/wp-json\/wp\/v2\/types\/post"}],"author":[{"embeddable":true,"href":"https:\/\/www.exportapymes.com\/comercio-exterior-america-esp\/wp-json\/wp\/v2\/users\/1"}],"replies":[{"embeddable":true,"href":"https:\/\/www.exportapymes.com\/comercio-exterior-america-esp\/wp-json\/wp\/v2\/comments?post=1567"}],"version-history":[{"count":0,"href":"https:\/\/www.exportapymes.com\/comercio-exterior-america-esp\/wp-json\/wp\/v2\/posts\/1567\/revisions"}],"wp:attachment":[{"href":"https:\/\/www.exportapymes.com\/comercio-exterior-america-esp\/wp-json\/wp\/v2\/media?parent=1567"}],"wp:term":[{"taxonomy":"category","embeddable":true,"href":"https:\/\/www.exportapymes.com\/comercio-exterior-america-esp\/wp-json\/wp\/v2\/categories?post=1567"},{"taxonomy":"post_tag","embeddable":true,"href":"https:\/\/www.exportapymes.com\/comercio-exterior-america-esp\/wp-json\/wp\/v2\/tags?post=1567"}],"curies":[{"name":"wp","href":"https:\/\/api.w.org\/{rel}","templated":true}]}}