{"id":1586,"date":"2008-05-12T12:58:04","date_gmt":"2008-05-12T19:58:04","guid":{"rendered":"http:\/\/www.exportapymes.com\/comercio-exterior-america-esp\/?p=1586"},"modified":"2008-05-12T13:01:21","modified_gmt":"2008-05-12T20:01:21","slug":"exporta-2008-congreso-para-la-internacionalizacion-de-la-empresa","status":"publish","type":"post","link":"https:\/\/www.exportapymes.com\/comercio-exterior-america-esp\/exporta-2008-congreso-para-la-internacionalizacion-de-la-empresa\/","title":{"rendered":"Exporta 2008: Congreso para la Internacionalizaci\u00f3n de la Empresa"},"content":{"rendered":"<p><a href=\"http:\/\/www.exportapymes.com\/comercio-exterior-america-esp\/wp-content\/uploads\/2008\/05\/exporta2008.jpg\"><\/a><img loading=\"lazy\" decoding=\"async\" src=\"http:\/\/www.exportapymes.com\/comercio-exterior-america-esp\/images\/internacionalizacion\/exporta2008.jpg\" alt=\"Exporta 2008: Congreso para la Internacionalizaci\u00f3n de la Empresa\" width=\"187\" height=\"124\" \/><br \/>\nEl <strong>Instituto Espa\u00f1ol de Comercio Exterior (ICEX)<\/strong> y <strong>PromoMadrid <\/strong>organizan los pr\u00f3ximos d\u00edas <strong>3 y 4 de junio<\/strong> el <strong>Congreso para la Internacionalizaci\u00f3n de la Empresa<\/strong>, <strong>Exporta 2008<\/strong>, cuyo objetivo es promover el debate y reflexi\u00f3n sobre este proceso y <strong>fomentar la presencia exterior de las empresas espa\u00f1olas<\/strong> y, en especial, de las madrile\u00f1as. Este proyecto ha supuesto una inversi\u00f3n conjunta de m\u00e1s de dos millones de euros.<br \/>\n<!--more--><strong>Exporta<\/strong> naci\u00f3 hace nueve a\u00f1os como una<strong> feria de servicios al exportador<\/strong>. En sus ediciones pares se celebra en Madrid y, en las impares, en las comunidades aut\u00f3nomas con mayor tradici\u00f3n exportadora. Tras pasar por Barcelona, Valencia, Bilbao y Sevilla, este a\u00f1o vuelve a Madrid donde, por primera vez, se organiza conjuntamente con la Comunidad Aut\u00f3noma a trav\u00e9s de<strong> PromoMadrid<\/strong>, como en anteriores ediciones se ha hecho con <strong>EXTENDA<\/strong> (Andaluc\u00eda),<strong> COPCA<\/strong> (Catalu\u00f1a), <strong>IVEX<\/strong> (Valencia) y <strong>SPRI<\/strong> (Pa\u00eds Vasco).<\/p>\n<p>A lo largo de estos a\u00f1os, <strong>Exporta<\/strong> se ha consolidado como el principal foro de debate para los agentes econ\u00f3micos espa\u00f1oles -tanto p\u00fablicos como privados- sobre todos los aspectos implicados en la <strong>internacionalizaci\u00f3n empresarial<\/strong>.<\/p>\n<p>El tema argumental de fondo sobre el que versar\u00e1 esta edici\u00f3n ser\u00e1 \u201cLos <strong>nuevos retos para la empresa global: capital humano, talento e innovaci\u00f3n<\/strong>\u201d, que se presentar\u00e1 en la jornada inaugural y que se ir\u00e1 desarrollando posteriormente en diferentes talleres y presentaciones que analizar\u00e1n sus distintos enfoques desde la perspectiva sectorial e institucional.<\/p>\n<p>Los talleres y seminarios son, un a\u00f1o m\u00e1s, uno de los ejes esenciales del congreso. Durante dos d\u00edas se ofrecer\u00e1n m\u00e1s de treinta seminarios y mesas redondas, agrupados en torno a tres l\u00edneas de discusi\u00f3n y debate: la ya mencionada de capital humano, talento e innovaci\u00f3n; las estrategias de diversificaci\u00f3n internacionales en mercados de alto potencial y las iniciativas y programas institucionales de<strong> apoyo a la internacionalizaci\u00f3n de la empresa<\/strong>.<\/p>\n<p>En <strong>Exporta 2008<\/strong> participar\u00e1n figuras de reconocido prestigio, tanto nacional como internacional. Contaremos con la presencia de Jeffrey Sachs, actualmente director de The Earth Institute y profesor de la Universidad de Columbia y, entre 2002 y 2006, director del Proyecto del Milenio de la ONU; Kjell Nordstrom, m\u00e1ximo gur\u00fa en la actualidad del mundo de los negocios, consultor y asesor de diversas corporaciones internacionales, y Fernando Tr\u00edas, profesor del Dpto. de Direcci\u00f3n de Marketing de ESADE y consultor en las \u00e1reas de estrategia empresarial, marketing, innovaci\u00f3n y pensamiento creativo.<\/p>\n<p>Asimismo, se dar\u00e1n cita en el congreso numerosos ponentes de escuelas de negocio nacionales y extranjeras, as\u00ed como agentes institucionales de primer nivel, como el presidente de la Patronal turca o el director del Instituto Indio de Tecnolog\u00eda. El Nobel de Econom\u00eda, Gary Becker, tambi\u00e9n estar\u00e1 presente mediante videoconferencia en las reflexiones del congreso.<\/p>\n<p><strong>Exporta<\/strong> se enriquece, adem\u00e1s, con la contribuci\u00f3n y apoyo de instituciones como Casa Asia, CEDE, INTER\u00c9S, el Foro de Marcas Renombradas o la Fundaci\u00f3n Rafael del Pino, que promueven seminarios y mesas redondas en este evento con ponentes de primer nivel.<\/p>\n<p>Adem\u00e1s, se presentar\u00e1 el primer gran estudio de \u201c<strong>benchmarking<\/strong>\u201d (an\u00e1lisis de las mejores pr\u00e1cticas existentes para utilizarlas como referencia) con pa\u00edses de nuestro entorno sobre estrategias de formaci\u00f3n y expatriaci\u00f3n que las empresas aplican. Este estudio, que ha promovido el <strong>Instituto Espa\u00f1ol de Comercio Exterior <\/strong><strong>ICEX<\/strong>, pone de manifiesto interesantes aspectos de reflexi\u00f3n y tendencias para las empresas en los pr\u00f3ximos a\u00f1os. Al mismo tiempo, se presentar\u00e1 la nueva edici\u00f3n de \u201cClaves de la Econom\u00eda Mundial\u201d y las nuevas fichas de expatriaci\u00f3n y repatriaci\u00f3n de profesionales.<\/p>\n<p>En esta edici\u00f3n participar\u00e1n todas las oficinas econ\u00f3micas y comerciales de las embajadas de Espa\u00f1a en el exterior, que proporcionar\u00e1n asesoramiento personalizado a las empresas durante los dos d\u00edas del congreso en el Punto de Encuentro Internacional.<\/p>\n<p>Una de las novedades de<strong> Exporta 2008<\/strong> es la creaci\u00f3n de una zona interactiva donde las empresas y las asociaciones empresariales podr\u00e1n encontrarse y discutir aspectos de estrategia y proyectos en los mercados exteriores.<br \/>\nM\u00e1s informaci\u00f3n: <a href=\"http:\/\/www.exporta2008.com\" target=\"_blank\">http:\/\/www.exporta2008.com<\/a><\/p>\n","protected":false},"excerpt":{"rendered":"<p>El Instituto Espa\u00f1ol de Comercio Exterior (ICEX) y PromoMadrid organizan los pr\u00f3ximos d\u00edas 3 y 4 de junio el Congreso para la Internacionalizaci\u00f3n de la Empresa, Exporta 2008, cuyo objetivo es promover el debate y reflexi\u00f3n sobre este proceso y<span class=\"ellipsis\">&hellip;<\/span><\/p>\n<div class=\"read-more\"><a href=\"https:\/\/www.exportapymes.com\/comercio-exterior-america-esp\/exporta-2008-congreso-para-la-internacionalizacion-de-la-empresa\/\">Leer m&aacute;s &#8250;<\/a><\/div>\n<p><!-- end of .read-more --><\/p>\n","protected":false},"author":1,"featured_media":0,"comment_status":"open","ping_status":"open","sticky":false,"template":"","format":"standard","meta":{"footnotes":""},"categories":[28,30,22,58,24,35,32,37,38,25,55],"tags":[],"class_list":["post-1586","post","type-post","status-publish","format-standard","hentry","category-capacitacion","category-comercio-exterior","category-espana","category-exporta","category-exportacion","category-exportador","category-exportar","category-icex","category-instituto-espanol-de-comercio-exterior","category-internacionalizacion","category-marketing"],"_links":{"self":[{"href":"https:\/\/www.exportapymes.com\/comercio-exterior-america-esp\/wp-json\/wp\/v2\/posts\/1586","targetHints":{"allow":["GET"]}}],"collection":[{"href":"https:\/\/www.exportapymes.com\/comercio-exterior-america-esp\/wp-json\/wp\/v2\/posts"}],"about":[{"href":"https:\/\/www.exportapymes.com\/comercio-exterior-america-esp\/wp-json\/wp\/v2\/types\/post"}],"author":[{"embeddable":true,"href":"https:\/\/www.exportapymes.com\/comercio-exterior-america-esp\/wp-json\/wp\/v2\/users\/1"}],"replies":[{"embeddable":true,"href":"https:\/\/www.exportapymes.com\/comercio-exterior-america-esp\/wp-json\/wp\/v2\/comments?post=1586"}],"version-history":[{"count":0,"href":"https:\/\/www.exportapymes.com\/comercio-exterior-america-esp\/wp-json\/wp\/v2\/posts\/1586\/revisions"}],"wp:attachment":[{"href":"https:\/\/www.exportapymes.com\/comercio-exterior-america-esp\/wp-json\/wp\/v2\/media?parent=1586"}],"wp:term":[{"taxonomy":"category","embeddable":true,"href":"https:\/\/www.exportapymes.com\/comercio-exterior-america-esp\/wp-json\/wp\/v2\/categories?post=1586"},{"taxonomy":"post_tag","embeddable":true,"href":"https:\/\/www.exportapymes.com\/comercio-exterior-america-esp\/wp-json\/wp\/v2\/tags?post=1586"}],"curies":[{"name":"wp","href":"https:\/\/api.w.org\/{rel}","templated":true}]}}