{"id":1610,"date":"2008-06-23T20:41:05","date_gmt":"2008-06-24T03:41:05","guid":{"rendered":"http:\/\/www.exportapymes.com\/comercio-exterior-america-esp\/?p=1610"},"modified":"2008-06-23T20:41:05","modified_gmt":"2008-06-24T03:41:05","slug":"la-decision-de-exportar","status":"publish","type":"post","link":"https:\/\/www.exportapymes.com\/comercio-exterior-america-esp\/la-decision-de-exportar\/","title":{"rendered":"La Decisi\u00f3n de Exportar"},"content":{"rendered":"<p><img loading=\"lazy\" decoding=\"async\" src=\"http:\/\/www.exportapymes.com\/comercio-exterior-america-esp\/images\/procomer.jpg\" alt=\"Procomer\" width=\"150\" height=\"108\" \/><br \/>\nLa <strong>Promotora de Comercio Exterior de Costa Rica (PROCOMER)<\/strong>, continuado con su<strong> Ciclo de Fortalecimiento de la capacidad exportadora<\/strong>, realizar\u00e1 el d\u00eda <strong>26 de junio en San Carlos<\/strong> el <strong>seminario &#8220;La Decisi\u00f3n de Exportar&#8221;<\/strong>.<br \/>\nEste es un programa formativo de 8 horas, que ofrece al <strong>micro y peque\u00f1o empresario costarricense<\/strong> y al p\u00fablico en general, los principios b\u00e1sicos del <strong>proceso exportador<\/strong>, as\u00ed como las condiciones necesarias a nivel empresarial, estrat\u00e9gico, y de personal, para iniciar un <strong>proceso de internacionalizaci\u00f3n exitoso<\/strong>.<br \/>\n<!--more--><\/p>\n<p><em><strong>Contenido del Programa:<\/strong><\/em><br \/>\n&#8211; <strong>Introducci\u00f3n a la exportaci\u00f3n<br \/>\n<\/strong>&#8658; \u00bfQu\u00e9 es exportar?<br \/>\n&#8658; \u00bfPor qu\u00e9 exportar es importante para una empresa?<br \/>\n&#8658; \u00bfC\u00f3mo saber si mi empresa est\u00e1 preparada para exportar?<br \/>\n&#8658; Principales retos de las PYMES<\/p>\n<p><strong>En Busca de mercados para mi producto<\/strong><br \/>\n&#8658; Principales productos y destinos a los que exporta Costa Rica<br \/>\n\u00bf&#8658; C\u00f3mo seleccionar un mercado de exportaci\u00f3n?<br \/>\n&#8658; Clasificaci\u00f3n arancelaria<br \/>\n&#8658; Barreras arancelarias y otros impuestos<br \/>\n&#8658; Barreras no arancelarias<br \/>\n&#8658; Pa\u00edses con los que tenemos una preferencia arancelaria<br \/>\n&#8658; Contenidos de un estudio de mercado<br \/>\n&#8658; Fuentes de informaci\u00f3n: en busca de contactos comerciales<\/p>\n<p><strong>Prepar\u00e1ndose para exportar<\/strong><br \/>\n&#8658; \u00bfC\u00f3mo puedo ser m\u00e1s competitivo y diferenciarme en los mercados internacionales?<br \/>\n&#8658; El Plan de Exportaci\u00f3n<br \/>\n&#8658; \u00bfC\u00f3mo dar a conocer a mi empresa?: Herramientas de promoci\u00f3n<\/p>\n<p><strong>Aspectos a considerar a la hora de exportar<\/strong><br \/>\n&#8658; Log\u00edstica de Exportaci\u00f3n<br \/>\n&#8658; Tr\u00e1mites de Exportaci\u00f3n<br \/>\n&#8658; Embalaje y etiquetado<br \/>\n&#8658; INCOTERMS<br \/>\n&#8658; \u00bfC\u00f3mo establecer precios de exportaci\u00f3n?<br \/>\n&#8658; Selecci\u00f3n del socio comercial<br \/>\n&#8658; Medios de pago internacionales<\/p>\n<p><strong>Conclusi\u00f3n<\/strong><br \/>\n&#8658; \u00bfC\u00f3mo saber si mi empresa est\u00e1 lista para exportar?<br \/>\n&#8658; Recomendaciones para iniciar un proyecto de exportaci\u00f3n<br \/>\n&#8658; Servicios de PROCOMER<\/p>\n<p><em>Informes e inscripci\u00f3n:<\/em><br \/>\n<strong>Promotora de Comercio Exterior de Costa Rica<\/strong><br \/>\nTel\u00e9fono: :+ (506) 2299-4700 \/ 299-4852<br \/>\nFax: + (506) 2233-5755<br \/>\nCorreo: <a href=\"mailto:mercadeo@procomer.com\">mercadeo@procomer.com<\/a> \/ <a href=\"mailto:info@procomer.com\">info@procomer.com<\/a><br \/>\n<a href=\"http:\/\/servicios.procomer.go.cr\/base\/inscripcion\/root.jsp\" target=\"_blank\">http:\/\/servicios.procomer.go.cr\/base\/inscripcion\/root.jsp<\/a><\/p>\n","protected":false},"excerpt":{"rendered":"<p>La Promotora de Comercio Exterior de Costa Rica (PROCOMER), continuado con su Ciclo de Fortalecimiento de la capacidad exportadora, realizar\u00e1 el d\u00eda 26 de junio en San Carlos el seminario &#8220;La Decisi\u00f3n de Exportar&#8221;. Este es un programa formativo de<span class=\"ellipsis\">&hellip;<\/span><\/p>\n<div class=\"read-more\"><a href=\"https:\/\/www.exportapymes.com\/comercio-exterior-america-esp\/la-decision-de-exportar\/\">Leer m&aacute;s &#8250;<\/a><\/div>\n<p><!-- end of .read-more --><\/p>\n","protected":false},"author":1,"featured_media":0,"comment_status":"open","ping_status":"open","sticky":false,"template":"","format":"standard","meta":{"footnotes":""},"categories":[28,30,6,24,25,29,39,27,34],"tags":[],"class_list":["post-1610","post","type-post","status-publish","format-standard","hentry","category-capacitacion","category-comercio-exterior","category-costa-rica","category-exportacion","category-internacionalizacion","category-mipymes","category-procomer-promotora-de-comercio-exterior-de-costa-rica","category-pymes","category-vender"],"_links":{"self":[{"href":"https:\/\/www.exportapymes.com\/comercio-exterior-america-esp\/wp-json\/wp\/v2\/posts\/1610","targetHints":{"allow":["GET"]}}],"collection":[{"href":"https:\/\/www.exportapymes.com\/comercio-exterior-america-esp\/wp-json\/wp\/v2\/posts"}],"about":[{"href":"https:\/\/www.exportapymes.com\/comercio-exterior-america-esp\/wp-json\/wp\/v2\/types\/post"}],"author":[{"embeddable":true,"href":"https:\/\/www.exportapymes.com\/comercio-exterior-america-esp\/wp-json\/wp\/v2\/users\/1"}],"replies":[{"embeddable":true,"href":"https:\/\/www.exportapymes.com\/comercio-exterior-america-esp\/wp-json\/wp\/v2\/comments?post=1610"}],"version-history":[{"count":0,"href":"https:\/\/www.exportapymes.com\/comercio-exterior-america-esp\/wp-json\/wp\/v2\/posts\/1610\/revisions"}],"wp:attachment":[{"href":"https:\/\/www.exportapymes.com\/comercio-exterior-america-esp\/wp-json\/wp\/v2\/media?parent=1610"}],"wp:term":[{"taxonomy":"category","embeddable":true,"href":"https:\/\/www.exportapymes.com\/comercio-exterior-america-esp\/wp-json\/wp\/v2\/categories?post=1610"},{"taxonomy":"post_tag","embeddable":true,"href":"https:\/\/www.exportapymes.com\/comercio-exterior-america-esp\/wp-json\/wp\/v2\/tags?post=1610"}],"curies":[{"name":"wp","href":"https:\/\/api.w.org\/{rel}","templated":true}]}}