{"id":1613,"date":"2008-06-23T21:52:12","date_gmt":"2008-06-24T04:52:12","guid":{"rendered":"http:\/\/www.exportapymes.com\/comercio-exterior-america-esp\/?p=1613"},"modified":"2008-06-23T21:52:12","modified_gmt":"2008-06-24T04:52:12","slug":"semanas-de-chile-en-america-del-sur","status":"publish","type":"post","link":"https:\/\/www.exportapymes.com\/comercio-exterior-america-esp\/semanas-de-chile-en-america-del-sur\/","title":{"rendered":"Semanas de Chile en Am\u00e9rica del Sur"},"content":{"rendered":"<p><img loading=\"lazy\" decoding=\"async\" src=\"http:\/\/www.exportapymes.com\/comercio-exterior-america-esp\/images\/chile-allways-surprising.jpg\" alt=\"Comercio Exterior de ProChile\" width=\"150\" height=\"99\" \/><br \/>\n<em>Del 25 de agosto al 05 de septiembre 2008<\/em><br \/>\nEl objetivo de las<strong> Semanas de Chile<\/strong>, es profundizar la <strong>relaci\u00f3n comercial de Chile<\/strong> con estos mercados, a trav\u00e9s de la generaci\u00f3n de actividades econ\u00f3mico comerciales, culturales y sociales que provoquen inter\u00e9s, participaci\u00f3n e impacto comunicacional y adem\u00e1s cuenten con la presencia activa del <strong>sector empresarial chileno<\/strong> y local.<br \/>\nSe realizar\u00e1 en <strong>Sao Paulo, Brasil entre el 25 al 30 de agosto<\/strong>; <strong>Bogot\u00e1, Colombia entre el 27 al 29 de agosto<\/strong> y en <strong>Buenos Aires entre el 25 de agosto al 5 de septiembre<\/strong> y <strong>otras ciudades de Argentina del 1 al 21 de septiembre<\/strong>.<br \/>\n<!--more--><\/p>\n<p>En el marco de estas Semanas, se realizar\u00e1 como es habitual una <strong>Rueda de Negocios<\/strong>, que contempla agendas de reuniones personalizadas, preparadas por las Oficinas Comerciales de ProChile en los respectivos mercados, coordinadas de acuerdo al perfil de cada empresa.<\/p>\n<p>Las Semanas de Chile han servido de plataforma comunicacional para presentar los atributos de nuestro pa\u00eds como un proveedor confiable de bienes y servicios, especialmente en los rubros de alimentos, bebidas, turismo, locaciones y servicios asociados, as\u00ed como tambi\u00e9n ha sido una excelente oportunidad para estimular el inter\u00e9s por Chile como destino tur\u00edstico.<\/p>\n<p>La fecha de inscripci\u00f3n vence el 4 de Julio de 2008.<\/p>\n<p><em>Contacto<br \/>\n<\/em>Tel: 827 5314<br \/>\nE-mail: <a href=\"mailto:semanasdechile@prochile.cl\">semanasdechile@prochile.cl<\/a><br \/>\nM\u00e1s informaci\u00f3n: <a href=\"http:\/\/www.prochile.cl\/difusion\/misiones\/semana_a_latina\/formulario_chile_a_sur.php\" target=\"_blank\">http:\/\/www.prochile.cl\/difusion\/misiones\/semana_a_latina\/formulario_chile_a_sur.php<\/a><\/p>\n","protected":false},"excerpt":{"rendered":"<p>Del 25 de agosto al 05 de septiembre 2008 El objetivo de las Semanas de Chile, es profundizar la relaci\u00f3n comercial de Chile con estos mercados, a trav\u00e9s de la generaci\u00f3n de actividades econ\u00f3mico comerciales, culturales y sociales que provoquen<span class=\"ellipsis\">&hellip;<\/span><\/p>\n<div class=\"read-more\"><a href=\"https:\/\/www.exportapymes.com\/comercio-exterior-america-esp\/semanas-de-chile-en-america-del-sur\/\">Leer m&aacute;s &#8250;<\/a><\/div>\n<p><!-- end of .read-more --><\/p>\n","protected":false},"author":1,"featured_media":0,"comment_status":"open","ping_status":"open","sticky":false,"template":"","format":"standard","meta":{"footnotes":""},"categories":[4,30,24,59,35,69,29,40,27,49],"tags":[],"class_list":["post-1613","post","type-post","status-publish","format-standard","hentry","category-chile","category-comercio-exterior","category-exportacion","category-exportacion-de-servicios","category-exportador","category-marca-pais","category-mipymes","category-prochile","category-pymes","category-pymex"],"_links":{"self":[{"href":"https:\/\/www.exportapymes.com\/comercio-exterior-america-esp\/wp-json\/wp\/v2\/posts\/1613","targetHints":{"allow":["GET"]}}],"collection":[{"href":"https:\/\/www.exportapymes.com\/comercio-exterior-america-esp\/wp-json\/wp\/v2\/posts"}],"about":[{"href":"https:\/\/www.exportapymes.com\/comercio-exterior-america-esp\/wp-json\/wp\/v2\/types\/post"}],"author":[{"embeddable":true,"href":"https:\/\/www.exportapymes.com\/comercio-exterior-america-esp\/wp-json\/wp\/v2\/users\/1"}],"replies":[{"embeddable":true,"href":"https:\/\/www.exportapymes.com\/comercio-exterior-america-esp\/wp-json\/wp\/v2\/comments?post=1613"}],"version-history":[{"count":0,"href":"https:\/\/www.exportapymes.com\/comercio-exterior-america-esp\/wp-json\/wp\/v2\/posts\/1613\/revisions"}],"wp:attachment":[{"href":"https:\/\/www.exportapymes.com\/comercio-exterior-america-esp\/wp-json\/wp\/v2\/media?parent=1613"}],"wp:term":[{"taxonomy":"category","embeddable":true,"href":"https:\/\/www.exportapymes.com\/comercio-exterior-america-esp\/wp-json\/wp\/v2\/categories?post=1613"},{"taxonomy":"post_tag","embeddable":true,"href":"https:\/\/www.exportapymes.com\/comercio-exterior-america-esp\/wp-json\/wp\/v2\/tags?post=1613"}],"curies":[{"name":"wp","href":"https:\/\/api.w.org\/{rel}","templated":true}]}}