{"id":162,"date":"2006-03-17T19:30:12","date_gmt":"2006-03-18T02:30:12","guid":{"rendered":"http:\/\/www.exportapymes.com\/comercio-exterior-america-esp\/ccm-inicia-su-internacionalizacion-este-ano-con-la-apertura-de-una-oficina-en-lisboa\/"},"modified":"2006-03-17T19:30:12","modified_gmt":"2006-03-18T02:30:12","slug":"ccm-inicia-su-internacionalizacion-este-ano-con-la-apertura-de-una-oficina-en-lisboa","status":"publish","type":"post","link":"https:\/\/www.exportapymes.com\/comercio-exterior-america-esp\/ccm-inicia-su-internacionalizacion-este-ano-con-la-apertura-de-una-oficina-en-lisboa\/","title":{"rendered":"CCM inicia su internacionalizaci\u00f3n este a\u00f1o con la apertura de una oficina en Lisboa"},"content":{"rendered":"<p>Caja Castilla-La Mancha (CCM) abrir\u00e1 una oficina de negocios y comercial en Portugal durante este a\u00f1o, anunci\u00f3 ayer su presidente, Juan Pedro Hern\u00e1ndez Molt\u00f3, en Lisboa durante el Encuentro de Empresarios Luso-Espa\u00f1oles en el que present\u00f3 la sociedad que mantienen con el grupo portugu\u00e9s Banco Esp\u00edrito Santo (BES).<br \/>\n<img decoding=\"async\" src=\"http:\/\/www.exportapymes.com\/comercio-exterior-america-esp\/images\/ban\/spain.jpg\" \/><br \/>\n<!--more-->En su presentaci\u00f3n, Hern\u00e1ndez Molt\u00f3 se mostr\u00f3 \u00abmuy ilusionado\u00bb con la sociedad creada con el Grupo BES, que, seg\u00fan sus palabras, \u00abnos considera socios estables y estrat\u00e9gicos\u00bb porque \u00absomos una caja con vocaci\u00f3n nacional y que ahora inicia una internacionalizaci\u00f3n tranquila y serena\u00bb, apunt\u00f3.<\/p>\n<p>Debido a este acuerdo, que convierte a CCM en accionista del BES con un 2%, Hern\u00e1ndez Molt\u00f3 explic\u00f3 que \u00abeste a\u00f1o tendremos una sede estable en Lisboa que nos permitir\u00e1 darle m\u00e1s consistencia\u00bb. \u00abVenimos a trabajar, por eso ser\u00e1 una oficina de banca de negocios y comercial\u00bb, apunt\u00f3.<\/p>\n<p>El presidente de CCM tambi\u00e9n anunci\u00f3 que la sociedad con el BES ser\u00e1 registrada la pr\u00f3xima semana y que ya est\u00e1n trabajando en un proyecto de desarrollo inmobiliario en el Corredor del Henares, en Guadalajara, pero que el objetivo es volver a entrar tambi\u00e9n en la construcci\u00f3n de infraestructuras en Espa\u00f1a, como ocurri\u00f3 con la autopista Toledo-Madrid, que fue donde coincidieron por primera vez con el BES.<\/p>\n<p>Tambi\u00e9n, en pocos d\u00edas, \u00abespero anunciar que participamos juntos en un proyecto de una gran empresa de alta tecnolog\u00eda en Espa\u00f1a\u00bb, declar\u00f3 Hern\u00e1ndez Molt\u00f3.<\/p>\n<p>En el encuentro, presidido por el ministro de Econom\u00eda portugu\u00e9s, Manuel Pinho, el presidente ejecutivo del BES Investiment, Jos\u00e9 Mar\u00eda Ricciardi, y el presidente del Tribunal de Defensa de la Competencia de Espa\u00f1a, Luis Berenguer Fuster, el presidente de CCM invit\u00f3 al numeroso grupo de empresarios de los dos pa\u00edses a unirse e invertir en el mercado ib\u00e9rico.<\/p>\n<p><em>Relaciones estables<\/em><br \/>\nPara facilitar ese acuerdo, Hern\u00e1ndez Molt\u00f3 anunci\u00f3 que \u00abvamos a crear una plataforma estable de relaci\u00f3n entre los empresarios de nuestro club de empresa y los del grupo BES\u00bb ya que \u00abnosotros no jugamos solamente en casa, por eso apelo a los empresarios para que aprovechen el pasillo que el BES y la CCM queremos crear entre los dos pa\u00edses\u00bb. En su opini\u00f3n, este acuerdo entre un Banco y una Caja de diferentes pa\u00edses es consecuencia de \u00abun inter\u00e9s com\u00fan, una confianza mutua y en el mercado ib\u00e9rico y a que somos complementarios, nosotros somos una caja con clara vocaci\u00f3n financiera y empresarial\u00bb.<\/p>\n<p>Hern\u00e1ndez Molt\u00f3 asegur\u00f3 que \u00abes fundamental abrir puertas, ya que si no se pueden poner en el campo, mucho menos en la econom\u00eda\u00bb. En su opini\u00f3n, este acuerdo \u00aba\u00f1adir\u00e1 nuevas oportunidades de negocio para Castilla-La Mancha, pero tambi\u00e9n para el resto de Espa\u00f1a y Portugal\u00bb, concluy\u00f3.<\/p>\n<p>El presidente del BES Investiment, Jos\u00e9 Mar\u00eda Ricciardi, consider\u00f3 que el acuerdo con CCM sirve para \u00abcrear valor a las dos instituciones y desarrollar negocios en el mercado ib\u00e9rico\u00bb. En su opini\u00f3n \u00abes necesario dinamizar las estrategias de negocio ib\u00e9ricas\u00bb y con esta sociedad las dos entidades \u00abmostramos nuestra disposici\u00f3n para financiar esos proyectos\u00bb. ABC Peri\u00f3dico Electr\u00f3nico<\/p>\n","protected":false},"excerpt":{"rendered":"<p>Caja Castilla-La Mancha (CCM) abrir\u00e1 una oficina de negocios y comercial en Portugal durante este a\u00f1o, anunci\u00f3 ayer su presidente, Juan Pedro Hern\u00e1ndez Molt\u00f3, en Lisboa durante el Encuentro de Empresarios Luso-Espa\u00f1oles en el que present\u00f3 la sociedad que mantienen<span class=\"ellipsis\">&hellip;<\/span><\/p>\n<div class=\"read-more\"><a href=\"https:\/\/www.exportapymes.com\/comercio-exterior-america-esp\/ccm-inicia-su-internacionalizacion-este-ano-con-la-apertura-de-una-oficina-en-lisboa\/\">Leer m&aacute;s &#8250;<\/a><\/div>\n<p><!-- end of .read-more --><\/p>\n","protected":false},"author":1,"featured_media":0,"comment_status":"open","ping_status":"open","sticky":false,"template":"","format":"standard","meta":{"footnotes":""},"categories":[22],"tags":[],"class_list":["post-162","post","type-post","status-publish","format-standard","hentry","category-espana"],"_links":{"self":[{"href":"https:\/\/www.exportapymes.com\/comercio-exterior-america-esp\/wp-json\/wp\/v2\/posts\/162","targetHints":{"allow":["GET"]}}],"collection":[{"href":"https:\/\/www.exportapymes.com\/comercio-exterior-america-esp\/wp-json\/wp\/v2\/posts"}],"about":[{"href":"https:\/\/www.exportapymes.com\/comercio-exterior-america-esp\/wp-json\/wp\/v2\/types\/post"}],"author":[{"embeddable":true,"href":"https:\/\/www.exportapymes.com\/comercio-exterior-america-esp\/wp-json\/wp\/v2\/users\/1"}],"replies":[{"embeddable":true,"href":"https:\/\/www.exportapymes.com\/comercio-exterior-america-esp\/wp-json\/wp\/v2\/comments?post=162"}],"version-history":[{"count":0,"href":"https:\/\/www.exportapymes.com\/comercio-exterior-america-esp\/wp-json\/wp\/v2\/posts\/162\/revisions"}],"wp:attachment":[{"href":"https:\/\/www.exportapymes.com\/comercio-exterior-america-esp\/wp-json\/wp\/v2\/media?parent=162"}],"wp:term":[{"taxonomy":"category","embeddable":true,"href":"https:\/\/www.exportapymes.com\/comercio-exterior-america-esp\/wp-json\/wp\/v2\/categories?post=162"},{"taxonomy":"post_tag","embeddable":true,"href":"https:\/\/www.exportapymes.com\/comercio-exterior-america-esp\/wp-json\/wp\/v2\/tags?post=162"}],"curies":[{"name":"wp","href":"https:\/\/api.w.org\/{rel}","templated":true}]}}