{"id":1625,"date":"2008-07-03T14:34:09","date_gmt":"2008-07-03T21:34:09","guid":{"rendered":"http:\/\/www.exportapymes.com\/comercio-exterior-america-esp\/?p=1625"},"modified":"2008-07-03T14:35:33","modified_gmt":"2008-07-03T21:35:33","slug":"la-marca-pais-como-elemento-clave-para-la-internacionalizacion-empresarial","status":"publish","type":"post","link":"https:\/\/www.exportapymes.com\/comercio-exterior-america-esp\/la-marca-pais-como-elemento-clave-para-la-internacionalizacion-empresarial\/","title":{"rendered":"La marca pa\u00eds como elemento clave para la internacionalizaci\u00f3n empresarial"},"content":{"rendered":"<p><em>9, 10 y 11 de julio<\/em><br \/>\nOrganizado por la <strong>Universidad Complutense de Madrid<\/strong>, y el <strong>Instituto Espa\u00f1ol de Comercio Exterior (ICEX)<\/strong>, se llevar\u00e1 a cabo los d\u00edas 9, 10 y 11 de julio en Madrid el <strong>Seminario: &#8220;La marca-pa\u00eds como elemento clave para la internacionalizaci\u00f3n empresarial&#8221;<\/strong>.<br \/>\n<img decoding=\"async\" src=\"http:\/\/www.exportapymes.com\/comercio-exterior-america-esp\/images\/ban\/spain.jpg\" alt=\"\" \/>   Este encuentro se plantea como un espacio de reflexi\u00f3n sobre el concepto de <strong>Marca-Pa\u00eds<\/strong>, y su vinculaci\u00f3n con la actividad de los agentes econ\u00f3micos, empresas y Administracines P\u00fablicas. El tema tiene una importancia capital para la <strong>estrategia empresarial<\/strong>.<br \/>\n<!--more-->Sus sesiones son un marco para el intercambio de ideas entre la Universidad y la Empresa. La experiencia de otros pa\u00edses que han realizado con \u00e9xito campa\u00f1as en la gesti\u00f3n de su <strong>marca-pa\u00eds<\/strong> ser\u00e1 un factor adicional de discusi\u00f3n en este encuentro.<\/p>\n<p><em><span style=\"text-decoration: underline;\">MI\u00c9RCOLES, 9 DE JULIO<\/span><\/em><\/p>\n<p>10.00 h. Inauguraci\u00f3n:<br \/>\nAngel Mart\u00edn Acebes; Vicepresidente Ejecutivo del ICEX<br \/>\nBego\u00f1a Cristeto; Consejera Delegada de INTER\u00c9S<\/p>\n<p>10.30 h. Ra\u00fal Peralba, presidente de Positioning System<br \/>\nEl proceso de construcci\u00f3n de una marca pa\u00eds. El caso espa\u00f1ol<\/p>\n<p>12.00 h. Mesa redonda: La Marca Pa\u00eds: Estrategias Comparadas<br \/>\nModera: Mario Buis\u00e1n, director general de Informaci\u00f3n de ICEX.<\/p>\n<p>Participan:<br \/>\n&#8211; Simon Anholt, MA por la Universidad de Oxford. Autor del Nation Brand Index.<br \/>\nMiembro del UK Foreign and Commonwealth Office Public Diplomacy Board<br \/>\nEl Nation Brand Index. Utilizaci\u00f3n y conclusiones para una estrategia de marca pa\u00eds.<\/p>\n<p>&#8211; Gonzalo Bruj\u00f3, Consejero Delegado de Interbrand<br \/>\nClaves para el dise\u00f1o de una marca lugar<\/p>\n<p>&#8211; Anne-Marie Tierney, directora para Francia, Benelux y Pen\u00ednsula Ib\u00e9rica de IDA<br \/>\nIreland.<br \/>\nCaso Irlanda<\/p>\n<p>&#8211; Ramesh Sharma, Chairman and Managing Director of Moving Picture Company<br \/>\n(India) Ltd<br \/>\nCaso India<\/p>\n<p>&#8211; Carlos S\u00e1nchez Olea, vicepresidente de DIRCOM<br \/>\nCaso El Proyecto Marca Espa\u00f1a.<\/p>\n<p>16.30 h. Mesa redonda: La marca, locomotora de la internacionalizaci\u00f3n: la experiencia de las<br \/>\nempresas<br \/>\nModera: Miguel Otero, director general del Foro de Marcas Renombradas<\/p>\n<p>Participan:<br \/>\n&#8211; Manuel L\u00f3pez Gonz\u00e1lez, director de Marketing Corporativo de Hewlett-Packard<br \/>\nEspa\u00f1ola, S.L.<\/p>\n<p>&#8211; Pablo Aranguren de Milicua, director de Gesti\u00f3n de Marca de Telef\u00f3nica<\/p>\n<p>&#8211; Martina Obreg\u00f3n, International Marketing Director de Freixenet<\/p>\n<p><em><span style=\"text-decoration: underline;\">JUEVES, 10 DE JULIO<\/span><\/em><\/p>\n<p>10.00 h. Mesa redonda: Evoluci\u00f3n de la imagen pa\u00eds<br \/>\nModera: Montserrat Casado, directora del Encuentro<\/p>\n<p>Participan:<br \/>\n&#8211; Julio Cervi\u00f1o, profesor titular de Investigaci\u00f3n y Comercializaci\u00f3n de Mercados,<br \/>\nUniversidad Carlos III de Madrid<br \/>\nVinculaci\u00f3n entre la evoluci\u00f3n de un pa\u00eds y la de su imagen<\/p>\n<p>&#8211; Tim Simmons, Director creativo y consultor de marca<br \/>\nClaves en el cambio de imagen de un pa\u00eds<\/p>\n<p>&#8211; Jeremy Hildreth, responsable de \u201cPlace Branding\u201d, SAFFRON Brand Consultants<br \/>\nLa imagen tecnol\u00f3gica de Espa\u00f1a<\/p>\n<p>12.00 h. Mesa redonda: La vinculaci\u00f3n entre marca pa\u00eds y marca empresarial<br \/>\nModera: Balbino Prieto, presidente del Club de Exportadores e Inversores Espa\u00f1oles.<br \/>\nPresidente de Nova Internacional<\/p>\n<p>Participan:<br \/>\n&#8211; Montserrat Maresch, directora general adjunta de IKEA Ib\u00e9rica<\/p>\n<p>&#8211; Alvaro Rengifo, Director Internacional de ISOLUX CORSAN<\/p>\n<p>&#8211; Ernesto Macias, Director general de Comunicaci\u00f3n y Relaciones Externas de<br \/>\nISOFOTON<\/p>\n<p>&#8211; Jos\u00e9 Manuel Mor\u00e1n, Presidente de la Comisi\u00f3n de la Funci\u00f3n Directiva de la<br \/>\nConfederaci\u00f3n espa\u00f1ola de Directivos y Ejecutivos (CEDE)<\/p>\n<p>&#8211; Vicente Bootello Socio de GARRIGUES<\/p>\n<p>&#8211; Jos\u00e9 Luis Sagarduy Director de desarrollo de negocio de Clarke, Modet &amp; Co.<br \/>\n16.30 h. Mesa redonda: Eventos globales e imagen pa\u00eds<br \/>\nModera: Montserrat Casado, directora del Encuentro<\/p>\n<p>Participan:<br \/>\nComit\u00e9 Ol\u00edmpico de Barcelona y Forum de Barcelona<br \/>\n&#8211; Miguel Botella y Pahissa<br \/>\nLa experiencia del pasado<\/p>\n<p>Desaf\u00edo Espa\u00f1ol. America\u2019s Cup:<br \/>\n&#8211; Luis G\u00f3mez, director corporativo de Marca y Comunicaci\u00f3n Interna de Iberdrola<br \/>\nLa experiencia en marcha<\/p>\n<p>JJ.OO. de Londres 2012:<br \/>\n&#8211; Carolina Arriagada Peters, Business Development Manager Europe de Think London<br \/>\nUna experiencia para el futuro<\/p>\n<p>VIERNES, 11 DE JULIO<\/p>\n<p>10.00 h. Mesa redonda: Iniciativas Institucionales de apoyo a la Marca Espa\u00f1a<br \/>\nModera: Javier Noya, Investigador Principal del Real Instituto Elcano<\/p>\n<p>Participan:<br \/>\n&#8211; Javier Noya, Real Instituto Elcano<br \/>\nImagen Exterior de Espa\u00f1a y Opini\u00f3n P\u00fablica.<\/p>\n<p>&#8211; Manuel Rico, Director de Gabinete del Instituto Cervantes<\/p>\n<p>&#8211; Victoria Marcos Cabero, Subdirectora General de Promoci\u00f3n y Comercializaci\u00f3n Exterior del Turismo de TurEspa\u00f1a<\/p>\n<p>&#8211; Antonio Hern\u00e1ndez Garc\u00eda, Director Ejecutivo de Informaci\u00f3n y Estrategia de INTERES<\/p>\n<p>&#8211; Jaime Montalvo, Director General de Promoci\u00f3n de ICEX<\/p>\n<p>\u00bfQu\u00e9 pueden hacer las Administraciones para impulsar la imagen exterior de Espa\u00f1a<br \/>\ny de sus empresas?<\/p>\n<p>12.00 h. Clausura y entrega de diplomas<\/p>\n<p>Montserrat Casado, Directora del Encuentro<\/p>\n<p>Antonio Hern\u00e1ndez Garc\u00eda, Director Ejecutivo de Informaci\u00f3n y Estrategia de INTERES<\/p>\n<p>Jaime Montalvo, Director General de Promoci\u00f3n de ICEX<\/p>\n<p>Fecha y Lugar: 9, 10 y 11 de julio &#8211; Euroforum Felipe II San Lorenzo de El Escorial, Carlos Ru\u00edz, s\/n, Madrid<\/p>\n<p>Informes:<br \/>\n<a href=\"mailto:formacion.empresarial@icex.es\">formacion.empresarial@icex.es<\/a><\/p>\n","protected":false},"excerpt":{"rendered":"<p>9, 10 y 11 de julio Organizado por la Universidad Complutense de Madrid, y el Instituto Espa\u00f1ol de Comercio Exterior (ICEX), se llevar\u00e1 a cabo los d\u00edas 9, 10 y 11 de julio en Madrid el Seminario: &#8220;La marca-pa\u00eds como<span class=\"ellipsis\">&hellip;<\/span><\/p>\n<div class=\"read-more\"><a href=\"https:\/\/www.exportapymes.com\/comercio-exterior-america-esp\/la-marca-pais-como-elemento-clave-para-la-internacionalizacion-empresarial\/\">Leer m&aacute;s &#8250;<\/a><\/div>\n<p><!-- end of .read-more --><\/p>\n","protected":false},"author":1,"featured_media":0,"comment_status":"open","ping_status":"open","sticky":false,"template":"","format":"standard","meta":{"footnotes":""},"categories":[28,22,37,38,25,69],"tags":[],"class_list":["post-1625","post","type-post","status-publish","format-standard","hentry","category-capacitacion","category-espana","category-icex","category-instituto-espanol-de-comercio-exterior","category-internacionalizacion","category-marca-pais"],"_links":{"self":[{"href":"https:\/\/www.exportapymes.com\/comercio-exterior-america-esp\/wp-json\/wp\/v2\/posts\/1625","targetHints":{"allow":["GET"]}}],"collection":[{"href":"https:\/\/www.exportapymes.com\/comercio-exterior-america-esp\/wp-json\/wp\/v2\/posts"}],"about":[{"href":"https:\/\/www.exportapymes.com\/comercio-exterior-america-esp\/wp-json\/wp\/v2\/types\/post"}],"author":[{"embeddable":true,"href":"https:\/\/www.exportapymes.com\/comercio-exterior-america-esp\/wp-json\/wp\/v2\/users\/1"}],"replies":[{"embeddable":true,"href":"https:\/\/www.exportapymes.com\/comercio-exterior-america-esp\/wp-json\/wp\/v2\/comments?post=1625"}],"version-history":[{"count":0,"href":"https:\/\/www.exportapymes.com\/comercio-exterior-america-esp\/wp-json\/wp\/v2\/posts\/1625\/revisions"}],"wp:attachment":[{"href":"https:\/\/www.exportapymes.com\/comercio-exterior-america-esp\/wp-json\/wp\/v2\/media?parent=1625"}],"wp:term":[{"taxonomy":"category","embeddable":true,"href":"https:\/\/www.exportapymes.com\/comercio-exterior-america-esp\/wp-json\/wp\/v2\/categories?post=1625"},{"taxonomy":"post_tag","embeddable":true,"href":"https:\/\/www.exportapymes.com\/comercio-exterior-america-esp\/wp-json\/wp\/v2\/tags?post=1625"}],"curies":[{"name":"wp","href":"https:\/\/api.w.org\/{rel}","templated":true}]}}