{"id":1627,"date":"2008-08-05T19:45:54","date_gmt":"2008-08-06T02:45:54","guid":{"rendered":"http:\/\/www.exportapymes.com\/comercio-exterior-america-esp\/?p=1627"},"modified":"2008-08-05T19:45:54","modified_gmt":"2008-08-06T02:45:54","slug":"exporta-presento-informe-sobre-el-comercio-exterior-de-el-salvador","status":"publish","type":"post","link":"https:\/\/www.exportapymes.com\/comercio-exterior-america-esp\/exporta-presento-informe-sobre-el-comercio-exterior-de-el-salvador\/","title":{"rendered":"Exporta present\u00f3 informe sobre el comercio exterior de El Salvador"},"content":{"rendered":"<p><img loading=\"lazy\" decoding=\"async\" src=\"http:\/\/www.exportapymes.com\/comercio-exterior-america-esp\/images\/exporta-agencia-promocion-exportaciones-el-salvador.jpg\" alt=\"Exporta - Agencia de Promoci\u00f3n de Exportaciones de El Salvador\" width=\"100\" height=\"68\" \/><br \/>\nLa Vicepresidenta de la Rep\u00fablica y Presidenta de <strong>Exporta<\/strong>, en compa\u00f1\u00eda de Aldo Vallejo Director de Exporta, Phill Rourk Director del <strong>Programa para la Promoci\u00f3n de Exportaciones de AID<\/strong>, Claudia Sequeira Asesora de Fondepro y Alejandro Paname\u00f1o Promotor de la C\u00e1mara de Comercio e Industria, presentaron en el mes de Julio, los resultados obtenidos por el trabajo conjunto realizado en la ejecuci\u00f3n del <strong>Plan de Ferias y Misiones Comerciales 2008<\/strong>.<br \/>\n<!--more-->En la presentaci\u00f3n la Vicepresidenta de la Rep\u00fablica y Presidenta de Exporta, Lic. Ana Vilma Albanez de Escobar destac\u00f3 el comportamiento de las exportaciones, mencionando que estas acumularon durante los primeros cinco meses del a\u00f1o un total de  $1,906 millones, es decir $309 millones m\u00e1s que al mismo per\u00edodo del a\u00f1o 2007, lo que representa una tasa de crecimiento de 19.4%.<\/p>\n<p>Las exportaciones tradicionales acumuladas fueron de $219 millones, las no tradicionales de $903 millones y maquila de $785 millones.<\/p>\n<p>Aldo Vallejo, Director de Exporta apunt\u00f3 que dentro de las actividades que las instituciones de apoyo al sector exportador realizan, se encuentra el plan conjunto de Ferias y Misiones Comerciales, que a seis meses de ejecuci\u00f3n reporta un total de 12 ferias y 4 misiones comerciales en diferentes destinos a nivel mundial cuyos resultados acumulados han sobrepasado los US$6.5 millones de d\u00f3lares en montos negociados durante el desarrollo de dichos eventos comerciales.   <\/p>\n<p>Un total de<strong> 200 empresas exportadoras salvadore\u00f1as<\/strong> han participado en lo que va de este a\u00f1o, lo cual quiere decir que cada vez que una empresa salvadore\u00f1a decide participar del plan de ferias y misiones, est\u00e1 negociando transacciones comerciales con montos promedios de US$54,300.<\/p>\n<p>El plan en ejecuci\u00f3n busca, en primer lugar el aprovechamiento de las condiciones de acceso a aquellos pa\u00edses con los que El Salvador ha firmado Tratados de Libre Comercio o alg\u00fan otro tipo de asociaci\u00f3n comercial como el conocido SGP Plus negociado con la Uni\u00f3n Europea.   Es as\u00ed como los principales destinos han sido Centroam\u00e9rica, Estados Unidos, Rep\u00fablica Dominicana y Europa;  sin embargo tambi\u00e9n se ha procurado explorar en mercados no tradicionales como India, Trinidad y Tobago.<\/p>\n<p>Los sectores atendidos han sido principalmente el de Alimentos y Bebidas con 7 eventos realizados, Manufacturas Diversas (que incluye productos de limpieza, farmac\u00e9uticos, pl\u00e1sticos, artesan\u00edas, manufacturas diversas, Etc.) con 5 eventos y el sector Servicios con 3 eventos comerciales desarrollados a la fecha.<\/p>\n","protected":false},"excerpt":{"rendered":"<p>La Vicepresidenta de la Rep\u00fablica y Presidenta de Exporta, en compa\u00f1\u00eda de Aldo Vallejo Director de Exporta, Phill Rourk Director del Programa para la Promoci\u00f3n de Exportaciones de AID, Claudia Sequeira Asesora de Fondepro y Alejandro Paname\u00f1o Promotor de la<span class=\"ellipsis\">&hellip;<\/span><\/p>\n<div class=\"read-more\"><a href=\"https:\/\/www.exportapymes.com\/comercio-exterior-america-esp\/exporta-presento-informe-sobre-el-comercio-exterior-de-el-salvador\/\">Leer m&aacute;s &#8250;<\/a><\/div>\n<p><!-- end of .read-more --><\/p>\n","protected":false},"author":1,"featured_media":0,"comment_status":"open","ping_status":"open","sticky":false,"template":"","format":"standard","meta":{"footnotes":""},"categories":[30,9,41,35,32,25],"tags":[],"class_list":["post-1627","post","type-post","status-publish","format-standard","hentry","category-comercio-exterior","category-el-salvador","category-exporta-promocion-de-eportaciones-de-el-salvador","category-exportador","category-exportar","category-internacionalizacion"],"_links":{"self":[{"href":"https:\/\/www.exportapymes.com\/comercio-exterior-america-esp\/wp-json\/wp\/v2\/posts\/1627","targetHints":{"allow":["GET"]}}],"collection":[{"href":"https:\/\/www.exportapymes.com\/comercio-exterior-america-esp\/wp-json\/wp\/v2\/posts"}],"about":[{"href":"https:\/\/www.exportapymes.com\/comercio-exterior-america-esp\/wp-json\/wp\/v2\/types\/post"}],"author":[{"embeddable":true,"href":"https:\/\/www.exportapymes.com\/comercio-exterior-america-esp\/wp-json\/wp\/v2\/users\/1"}],"replies":[{"embeddable":true,"href":"https:\/\/www.exportapymes.com\/comercio-exterior-america-esp\/wp-json\/wp\/v2\/comments?post=1627"}],"version-history":[{"count":0,"href":"https:\/\/www.exportapymes.com\/comercio-exterior-america-esp\/wp-json\/wp\/v2\/posts\/1627\/revisions"}],"wp:attachment":[{"href":"https:\/\/www.exportapymes.com\/comercio-exterior-america-esp\/wp-json\/wp\/v2\/media?parent=1627"}],"wp:term":[{"taxonomy":"category","embeddable":true,"href":"https:\/\/www.exportapymes.com\/comercio-exterior-america-esp\/wp-json\/wp\/v2\/categories?post=1627"},{"taxonomy":"post_tag","embeddable":true,"href":"https:\/\/www.exportapymes.com\/comercio-exterior-america-esp\/wp-json\/wp\/v2\/tags?post=1627"}],"curies":[{"name":"wp","href":"https:\/\/api.w.org\/{rel}","templated":true}]}}