{"id":1639,"date":"2008-09-14T14:56:03","date_gmt":"2008-09-14T21:56:03","guid":{"rendered":"http:\/\/www.exportapymes.com\/comercio-exterior-america-esp\/?p=1639"},"modified":"2008-09-14T14:56:03","modified_gmt":"2008-09-14T21:56:03","slug":"curso-sobre-negocios-china","status":"publish","type":"post","link":"https:\/\/www.exportapymes.com\/comercio-exterior-america-esp\/curso-sobre-negocios-china\/","title":{"rendered":"Curso sobre negocios: China"},"content":{"rendered":"<p><img decoding=\"async\" src=\"http:\/\/www.exportapymes.com\/comercio-exterior-america-esp\/images\/ban\/spain.jpg\" alt=\"\" \/><br \/>\n<em>18 y 19 de septiembre &#8211; Sevilla<br \/>\n<\/em>Co-organizado por el el <strong>Instituto Espa\u00f1ol de Comercio Exterior<\/strong> (<strong>ICEX)<\/strong>, <strong>CECO<\/strong> y <strong>Casa Asia<\/strong> y dirigido a aquellas <strong>empresas espa\u00f1olas<\/strong> que quieran incluir a China en su <strong>estrategia internac<\/strong>ional, ya sea a trav\u00e9s de una implantaci\u00f3n productiva en el pa\u00eds, <strong>exportaci\u00f3n<\/strong>, etc., se realizar\u00e1 los d\u00edas 18 y 19 de septiembre en Sevilla, el &#8220;<strong>Curso sobre negocios: China<\/strong>&#8220;.<br \/>\nTodos los m\u00f3dulos de este curso tienen un car\u00e1cter pr\u00e1ctico, y est\u00e1n enfocados a que, de forma<br \/>\n<!--more--> concisa, se puedan asimilar las principales oportunidades y dificultades que presenta el mercado, las diferencias culturales, el marco legal, y otros aspectos de inter\u00e9s.<\/p>\n<p><em>Lugar de celebraci\u00f3n:<\/em><br \/>\nSal\u00f3n Nervi\u00f3n &#8211; Hotel Meli\u00e1 Sevilla<br \/>\nC\/Dtor. Pedro de Castro, 1<br \/>\n41004 Sevilla<\/p>\n<p><em>Fechas:<\/em><br \/>\n18 y 19 de septiembre de 2008<\/p>\n<p><em>Informaci\u00f3n e inscripciones<br \/>\n<\/em>Centro de Estudios Econ\u00f3micos y Comerciales (CECO)<br \/>\nInmaculada Vicente<br \/>\nTel.: 91 563 18 15<br \/>\n<a href=\"mailto:ceco@ceco.es\">ceco@ceco.es<\/a><\/p>\n","protected":false},"excerpt":{"rendered":"<p>18 y 19 de septiembre &#8211; Sevilla Co-organizado por el el Instituto Espa\u00f1ol de Comercio Exterior (ICEX), CECO y Casa Asia y dirigido a aquellas empresas espa\u00f1olas que quieran incluir a China en su estrategia internacional, ya sea a trav\u00e9s<span class=\"ellipsis\">&hellip;<\/span><\/p>\n<div class=\"read-more\"><a href=\"https:\/\/www.exportapymes.com\/comercio-exterior-america-esp\/curso-sobre-negocios-china\/\">Leer m&aacute;s &#8250;<\/a><\/div>\n<p><!-- end of .read-more --><\/p>\n","protected":false},"author":1,"featured_media":0,"comment_status":"open","ping_status":"open","sticky":false,"template":"","format":"standard","meta":{"footnotes":""},"categories":[28,30,24,37,38,25],"tags":[],"class_list":["post-1639","post","type-post","status-publish","format-standard","hentry","category-capacitacion","category-comercio-exterior","category-exportacion","category-icex","category-instituto-espanol-de-comercio-exterior","category-internacionalizacion"],"_links":{"self":[{"href":"https:\/\/www.exportapymes.com\/comercio-exterior-america-esp\/wp-json\/wp\/v2\/posts\/1639","targetHints":{"allow":["GET"]}}],"collection":[{"href":"https:\/\/www.exportapymes.com\/comercio-exterior-america-esp\/wp-json\/wp\/v2\/posts"}],"about":[{"href":"https:\/\/www.exportapymes.com\/comercio-exterior-america-esp\/wp-json\/wp\/v2\/types\/post"}],"author":[{"embeddable":true,"href":"https:\/\/www.exportapymes.com\/comercio-exterior-america-esp\/wp-json\/wp\/v2\/users\/1"}],"replies":[{"embeddable":true,"href":"https:\/\/www.exportapymes.com\/comercio-exterior-america-esp\/wp-json\/wp\/v2\/comments?post=1639"}],"version-history":[{"count":0,"href":"https:\/\/www.exportapymes.com\/comercio-exterior-america-esp\/wp-json\/wp\/v2\/posts\/1639\/revisions"}],"wp:attachment":[{"href":"https:\/\/www.exportapymes.com\/comercio-exterior-america-esp\/wp-json\/wp\/v2\/media?parent=1639"}],"wp:term":[{"taxonomy":"category","embeddable":true,"href":"https:\/\/www.exportapymes.com\/comercio-exterior-america-esp\/wp-json\/wp\/v2\/categories?post=1639"},{"taxonomy":"post_tag","embeddable":true,"href":"https:\/\/www.exportapymes.com\/comercio-exterior-america-esp\/wp-json\/wp\/v2\/tags?post=1639"}],"curies":[{"name":"wp","href":"https:\/\/api.w.org\/{rel}","templated":true}]}}