{"id":1641,"date":"2008-09-14T15:47:30","date_gmt":"2008-09-14T22:47:30","guid":{"rendered":"http:\/\/www.exportapymes.com\/comercio-exterior-america-esp\/?p=1641"},"modified":"2008-09-14T15:47:30","modified_gmt":"2008-09-14T22:47:30","slug":"el-acceso-a-mercados-de-exportacion-y-promocion-turistica-priorizara-cooperacion-suiza-en-peru","status":"publish","type":"post","link":"https:\/\/www.exportapymes.com\/comercio-exterior-america-esp\/el-acceso-a-mercados-de-exportacion-y-promocion-turistica-priorizara-cooperacion-suiza-en-peru\/","title":{"rendered":"El acceso a mercados de exportaci\u00f3n y promoci\u00f3n tur\u00edstica, priorizar\u00e1 Cooperaci\u00f3n Suiza en Per\u00fa"},"content":{"rendered":"<p>Per\u00fa es uno de los siete pa\u00edses en el mundo donde la <strong>Cooperaci\u00f3n Suiza<\/strong> va a priorizar el apoyo a la <strong>promoci\u00f3n tur\u00edstica<\/strong> y el <strong>acceso a los mercados de exportaci\u00f3n<\/strong>, con el prop\u00f3sito de reducir la pobreza e incrementar el empleo, se\u00f1al\u00f3 hoy el director nacional de<strong> Comercio Exterior<\/strong>, Luis Torres.<br \/>\n<img decoding=\"async\" src=\"http:\/\/www.exportapymes.com\/comercio-exterior-america-esp\/images\/ban\/peru.jpg\" alt=\"\" \/>   \u201cEl objetivo es obtener recursos de la cooperaci\u00f3n a fin de destinarlos a Lambayeque, por ser esta una de las mejores regiones piloto en materia de comercio exterior y turismo\u201d, agreg\u00f3.<br \/>\n<!--more--><br \/>\nIndic\u00f3 que la <strong>Asociaci\u00f3n de Exportadores del Norte<\/strong>, el gobierno regional y el <strong>Ministerio de Comercio Exterior y Turismo (Mincetur) <\/strong>han venido trabajando en base a la pol\u00edtica de descentralizaci\u00f3n y se busca replicar las buenas pr\u00e1cticas de Lambayeque y Arequipa, regiones en las cuales tambi\u00e9n la Cooperaci\u00f3n Suiza tiene injerencia, en otras regiones del pa\u00eds. <\/p>\n<p>En este sentido, refiri\u00f3 que se requiere consolidar la estrategia regional de exportaciones denominada <strong>Plan Estrat\u00e9gico Regional Exportador (Perx)- Lambayeque<\/strong>, la cual consiste en identificar las oportunidades que tiene la regi\u00f3n en los mercados internacionales y en establecer una agenda de trabajo.<\/p>\n<p>De otro lado, se\u00f1al\u00f3 que dada la escasez de los recursos del sector p\u00fablico, la Cooperaci\u00f3n Suiza tuvo que intervenir brindando el apoyo t\u00e9cnico-econ\u00f3mico, y escogiendo como pilotos a las regiones Arequipa y Lambayeque, por su interesante tejido institucional en el sector privado y su diversificada cartera de productos. <\/p>\n<p>\u201cLambayeque es un buen ejemplo de lo que puede hacer una regi\u00f3n cuando se tiene una agenda com\u00fan y sus sectores est\u00e1n articulados\u201d, declar\u00f3 a radio Santa Victoria de la regi\u00f3n Lambayeque.<\/p>\n<p>Asimismo, mencion\u00f3 que es necesario trabajar m\u00e1s en el tema de institucionalizar el comercio y apoyar a la c\u00e1mara de la regi\u00f3n para brindar un mejor soporte en defensa gremial y un mejor soporte en servicios a la parte privada.<\/p>\n<p>Dijo que habr\u00e1 mayor difusi\u00f3n de los productos que ya existen en el mercado de la regi\u00f3n para potenciar la exportaci\u00f3n, as\u00ed como en el uso del Sepymex, un seguro de cr\u00e9dito para la peque\u00f1a y mediana empresa exportadora, en donde el Estado asume el 50 por ciento de un cr\u00e9dito de preembarque.<\/p>\n<p>Finalmente, destac\u00f3 que a la fecha la Cooperaci\u00f3n Suiza ha invertido cuatro millones de francos suizos (3.7 millones de d\u00f3lares) tanto en el desarrollo de diversos productos de comercio exterior como, fr\u00edjol castilla, lim\u00f3n, mangos, menestras, pimiento, entre otros, as\u00ed como en el fortalecimiento de la institucionalidad de Lambayeque en materia de <strong>comercio exterior<\/strong>.<\/p>\n<p>\u201cEsto \u00faltimo pensando en dar sostenibilidad a sus exportaciones\u201d, destac\u00f3 Torres.  Andina<\/p>\n","protected":false},"excerpt":{"rendered":"<p>Per\u00fa es uno de los siete pa\u00edses en el mundo donde la Cooperaci\u00f3n Suiza va a priorizar el apoyo a la promoci\u00f3n tur\u00edstica y el acceso a los mercados de exportaci\u00f3n, con el prop\u00f3sito de reducir la pobreza e incrementar<span class=\"ellipsis\">&hellip;<\/span><\/p>\n<div class=\"read-more\"><a href=\"https:\/\/www.exportapymes.com\/comercio-exterior-america-esp\/el-acceso-a-mercados-de-exportacion-y-promocion-turistica-priorizara-cooperacion-suiza-en-peru\/\">Leer m&aacute;s &#8250;<\/a><\/div>\n<p><!-- end of .read-more --><\/p>\n","protected":false},"author":1,"featured_media":0,"comment_status":"open","ping_status":"open","sticky":false,"template":"","format":"standard","meta":{"footnotes":""},"categories":[30,24,35,32,29,17,27],"tags":[],"class_list":["post-1641","post","type-post","status-publish","format-standard","hentry","category-comercio-exterior","category-exportacion","category-exportador","category-exportar","category-mipymes","category-peru","category-pymes"],"_links":{"self":[{"href":"https:\/\/www.exportapymes.com\/comercio-exterior-america-esp\/wp-json\/wp\/v2\/posts\/1641","targetHints":{"allow":["GET"]}}],"collection":[{"href":"https:\/\/www.exportapymes.com\/comercio-exterior-america-esp\/wp-json\/wp\/v2\/posts"}],"about":[{"href":"https:\/\/www.exportapymes.com\/comercio-exterior-america-esp\/wp-json\/wp\/v2\/types\/post"}],"author":[{"embeddable":true,"href":"https:\/\/www.exportapymes.com\/comercio-exterior-america-esp\/wp-json\/wp\/v2\/users\/1"}],"replies":[{"embeddable":true,"href":"https:\/\/www.exportapymes.com\/comercio-exterior-america-esp\/wp-json\/wp\/v2\/comments?post=1641"}],"version-history":[{"count":0,"href":"https:\/\/www.exportapymes.com\/comercio-exterior-america-esp\/wp-json\/wp\/v2\/posts\/1641\/revisions"}],"wp:attachment":[{"href":"https:\/\/www.exportapymes.com\/comercio-exterior-america-esp\/wp-json\/wp\/v2\/media?parent=1641"}],"wp:term":[{"taxonomy":"category","embeddable":true,"href":"https:\/\/www.exportapymes.com\/comercio-exterior-america-esp\/wp-json\/wp\/v2\/categories?post=1641"},{"taxonomy":"post_tag","embeddable":true,"href":"https:\/\/www.exportapymes.com\/comercio-exterior-america-esp\/wp-json\/wp\/v2\/tags?post=1641"}],"curies":[{"name":"wp","href":"https:\/\/api.w.org\/{rel}","templated":true}]}}