{"id":1648,"date":"2008-10-08T06:52:59","date_gmt":"2008-10-08T13:52:59","guid":{"rendered":"http:\/\/www.exportapymes.com\/comercio-exterior-america-esp\/?p=1648"},"modified":"2008-10-08T06:52:59","modified_gmt":"2008-10-08T13:52:59","slug":"proexport-desarrollara-un-programa-de-asesoramiento-para-la-internacionalizacion-de-las-pymes-de-bogota","status":"publish","type":"post","link":"https:\/\/www.exportapymes.com\/comercio-exterior-america-esp\/proexport-desarrollara-un-programa-de-asesoramiento-para-la-internacionalizacion-de-las-pymes-de-bogota\/","title":{"rendered":"Proexport desarrollar\u00e1 un programa de asesoramiento para la internacionalizaci\u00f3n de las PyMes de Bogot\u00e1"},"content":{"rendered":"<p align=\"justify\"><strong><img loading=\"lazy\" decoding=\"async\" src=\"http:\/\/www.exportapymes.com\/comercio-exterior-america-esp\/images\/proexport.jpg\" alt=\"ProExport\" width=\"175\" height=\"60\" \/><br \/>\nProexport<\/strong> a trav\u00e9s del \u00e1rea de Desarrollo Estrat\u00e9gico Internacional asesorar\u00e1 dentro de su <strong>programa Expopyme<\/strong> a 50 peque\u00f1os y medianos <strong>empresarios de Bogot\u00e1<\/strong> durante 15 meses.<br \/>\nNatalia Jim\u00e9nez, directora del \u00e1rea de <strong>Desarrollo Estrat\u00e9gico Internacional de Proexport<\/strong>, afirm\u00f3 que el objetivo del convenio es fortalecer la <strong>base exportadora<\/strong> de la Capital a trav\u00e9s del <strong>programa Expopyme<\/strong> que consiste en <strong>preparar a los empresarios de las PYMEs en la internacionalizaci\u00f3n de sus compa\u00f1\u00edas<\/strong>.<br \/>\n<!--more--><br \/>\nLas <strong>oportunidades de las PYMEs<\/strong> son iguales a las de las grandes empresas, lo importante es que las peque\u00f1as y medianas deben prepararse cada vez m\u00e1s para afrontar los mercados internacionales, esto lleva a que deben ser m\u00e1s competitivas y para ello tienen que fortalecerse en todas las \u00e1reas estructurales de la empresa.<\/p>\n<p align=\"justify\">As\u00ed mismo, es clave que las <strong>PyMEs<\/strong> mejoren sus procesos productivos, que tengan productos diferenciados, que sean innovadoras y que tengan entre otros, una excelente pol\u00edtica de costeo de los productos para el mercado internacional, eso es lo que haremos durante un a\u00f1o con las empresas bogotanas a trav\u00e9s de <strong>Expopyme<\/strong>. Durante nuestra experiencia las <strong>PyMEs<\/strong> han demostrado que con una planeaci\u00f3n adecuada y una adaptaci\u00f3n a las condiciones de mercado logran ingresar exitosamente en los mercados externos, se\u00f1al\u00f3 Jim\u00e9nez. <\/p>\n<p align=\"justify\"><em>Sobre Expopyme<br \/>\n<\/em>El programa Expopyme tiene a nivel nacional 2.411 empresas vinculadas, con  exportaciones a diciembre de 2007 por valor de 348 millones 738 mil d\u00f3lares en los sectores de Manufacturas e Insumos, Prendas de Vestir, Agroindustria y Servicios con 51 por ciento, 35, 10 y 4 por ciento respectivamente. Los principales destinos fueron Venezuela, Estados Unidos, Ecuador, M\u00e9xico, Panam\u00e1, Puerto Rico, Costa Rica y Per\u00fa.<\/p>\n<p align=\"justify\">En cuanto a Bogot\u00e1 en el periodo de enero a mayo del presente a\u00f1o 179 empresas exportaron por valor de 39 millones 234 mil d\u00f3lares, ubic\u00e1ndose en segundo lugar despu\u00e9s de Medell\u00edn que export\u00f3 para el mismo per\u00edodo 39 millones 420 mil d\u00f3lares. Barranquilla, Bucaramanga y Cali ocuparon el tercer, cuarto y quinto lugar respectivamente, con exportaciones por 18 millones 205 mil d\u00f3lares; 14 millones 682 mil d\u00f3lares y 14 millones 572 mil d\u00f3lares en su orden.<\/p>\n","protected":false},"excerpt":{"rendered":"<p>Proexport a trav\u00e9s del \u00e1rea de Desarrollo Estrat\u00e9gico Internacional asesorar\u00e1 dentro de su programa Expopyme a 50 peque\u00f1os y medianos empresarios de Bogot\u00e1 durante 15 meses. Natalia Jim\u00e9nez, directora del \u00e1rea de Desarrollo Estrat\u00e9gico Internacional de Proexport, afirm\u00f3 que el<span class=\"ellipsis\">&hellip;<\/span><\/p>\n<div class=\"read-more\"><a href=\"https:\/\/www.exportapymes.com\/comercio-exterior-america-esp\/proexport-desarrollara-un-programa-de-asesoramiento-para-la-internacionalizacion-de-las-pymes-de-bogota\/\">Leer m&aacute;s &#8250;<\/a><\/div>\n<p><!-- end of .read-more --><\/p>\n","protected":false},"author":1,"featured_media":0,"comment_status":"open","ping_status":"open","sticky":false,"template":"","format":"standard","meta":{"footnotes":""},"categories":[28,30,24,25,48,27,49],"tags":[],"class_list":["post-1648","post","type-post","status-publish","format-standard","hentry","category-capacitacion","category-comercio-exterior","category-exportacion","category-internacionalizacion","category-proexport","category-pymes","category-pymex"],"_links":{"self":[{"href":"https:\/\/www.exportapymes.com\/comercio-exterior-america-esp\/wp-json\/wp\/v2\/posts\/1648","targetHints":{"allow":["GET"]}}],"collection":[{"href":"https:\/\/www.exportapymes.com\/comercio-exterior-america-esp\/wp-json\/wp\/v2\/posts"}],"about":[{"href":"https:\/\/www.exportapymes.com\/comercio-exterior-america-esp\/wp-json\/wp\/v2\/types\/post"}],"author":[{"embeddable":true,"href":"https:\/\/www.exportapymes.com\/comercio-exterior-america-esp\/wp-json\/wp\/v2\/users\/1"}],"replies":[{"embeddable":true,"href":"https:\/\/www.exportapymes.com\/comercio-exterior-america-esp\/wp-json\/wp\/v2\/comments?post=1648"}],"version-history":[{"count":0,"href":"https:\/\/www.exportapymes.com\/comercio-exterior-america-esp\/wp-json\/wp\/v2\/posts\/1648\/revisions"}],"wp:attachment":[{"href":"https:\/\/www.exportapymes.com\/comercio-exterior-america-esp\/wp-json\/wp\/v2\/media?parent=1648"}],"wp:term":[{"taxonomy":"category","embeddable":true,"href":"https:\/\/www.exportapymes.com\/comercio-exterior-america-esp\/wp-json\/wp\/v2\/categories?post=1648"},{"taxonomy":"post_tag","embeddable":true,"href":"https:\/\/www.exportapymes.com\/comercio-exterior-america-esp\/wp-json\/wp\/v2\/tags?post=1648"}],"curies":[{"name":"wp","href":"https:\/\/api.w.org\/{rel}","templated":true}]}}