{"id":1665,"date":"2008-11-18T07:08:48","date_gmt":"2008-11-18T14:08:48","guid":{"rendered":"http:\/\/www.exportapymes.com\/comercio-exterior-america-esp\/?p=1665"},"modified":"2008-11-18T07:08:48","modified_gmt":"2008-11-18T14:08:48","slug":"gestion-estrategica-de-contactos-internacionales","status":"publish","type":"post","link":"https:\/\/www.exportapymes.com\/comercio-exterior-america-esp\/gestion-estrategica-de-contactos-internacionales\/","title":{"rendered":"Gesti\u00f3n estrat\u00e9gica de contactos internacionales"},"content":{"rendered":"<p><em>24 de noviembre &#8211; Avil\u00e9s<\/em><br \/>\nEl seminario &#8220;<strong>Gesti\u00f3n estrat\u00e9gica de contactos internacionales<\/strong>&#8220;, se centra en las T\u00e9cnicas para gestionar eficazmente la red de contactos m\u00e1s inmediata (a 1 grado de de separaci\u00f3n) con la finalidad de obtener resultados \u00fatiles para nuestros negocios, especialmente en los <strong>mercados internacionales<\/strong>.<br \/>\n<img decoding=\"async\" src=\"http:\/\/www.exportapymes.com\/comercio-exterior-america-esp\/images\/ban\/spain.jpg\" alt=\"\" \/>   Para trabajar en ese Primer Grado, se debe aprender a escalar los niveles de confianza y mejorar la interacci\u00f3n social con el objetivo de activar el valor de nuestra <strong>Red de Contactos<\/strong>. Bien utilizado, esto<\/p>\n<p><!--more--><br \/>\n permitir\u00e1 crear o detectar nuevas oportunidades de negocio, o generar acciones que nos ayuden a poder acelerar el logro de nuestros objetivos.<\/p>\n<p><span style=\"text-decoration: underline;\">PROGRAMA<\/span><\/p>\n<p>9:00 RECEPCI\u00d3N DE ASISTENTES<\/p>\n<p>9:30 APERTURA: Jos\u00e9 Ram\u00f3n Herreros de las Cuevas \/ Director Territorial de Comercio y Delegado ICEX<\/p>\n<p>9:45 INTRODUCCI\u00d3N A LA GESTI\u00d3N ESTRAT\u00c9GICA DE CONTACTOS<\/p>\n<p>10:45 TOPOGRAF\u00cdA DE LAS REDES INTERNACIONALES DE CONTACTOS<\/p>\n<p>11:45 Pausa -caf\u00e9<\/p>\n<p>12:00 IDENTIFICACI\u00d3N DE LAS REDES DE CONTACTOS PERSONALES<\/p>\n<p>13:00 RECOMENDACIONES EN LA GESTI\u00d3N DE CONTACTOS<\/p>\n<p>15:30 TRABAJAR EN EL GRADO 1 DE SEPARACI\u00d3N: GANAR CONFIANZA:<br \/>\n&#8211; Conceptos b\u00e1sicos<br \/>\n&#8211; Definici\u00f3n de t\u00e1cticas y estrategias<\/p>\n<p>18:30 MOTIVACI\u00d3N PARA ALCANZAR LOS OBJETIVOS<\/p>\n<p>19:30 CLAUSURA: Carlos Rodr\u00edguez de la Torre Rodr\u00edguez \/ Secretario General de la C\u00e1mara de Comercio de Avil\u00e9s<\/p>\n<p>Ponente: Alberto Garc\u00eda-Lluis Valencia. Consultor jefe de Valencia Knowledge<br \/>\nManagement Consulting<\/p>\n<p><em>Informaci\u00f3n Complementaria:<\/em><br \/>\nLugar de celebraci\u00f3n: C\u00c1MARA DE COMERCIO, INDUSTRIA Y NAVEGACI\u00d3N DE AVIL\u00c9S<br \/>\nPlaza de Camposagrado, 1<br \/>\n33400 &#8211; Avil\u00e9s<\/p>\n<p><em>Informaci\u00f3n e inscripciones:<\/em><br \/>\nDIRECCI\u00d3N TERRITORIAL DE COMERCIO\/ICEX<br \/>\nPlaza de Espa\u00f1a, 5-1\u00aa Planta<br \/>\n33007 OVIEDO<br \/>\nTel\u00e9fono: 985 963 119<br \/>\nFax: 985 272 410<\/p>\n","protected":false},"excerpt":{"rendered":"<p>24 de noviembre &#8211; Avil\u00e9s El seminario &#8220;Gesti\u00f3n estrat\u00e9gica de contactos internacionales&#8220;, se centra en las T\u00e9cnicas para gestionar eficazmente la red de contactos m\u00e1s inmediata (a 1 grado de de separaci\u00f3n) con la finalidad de obtener resultados \u00fatiles para<span class=\"ellipsis\">&hellip;<\/span><\/p>\n<div class=\"read-more\"><a href=\"https:\/\/www.exportapymes.com\/comercio-exterior-america-esp\/gestion-estrategica-de-contactos-internacionales\/\">Leer m&aacute;s &#8250;<\/a><\/div>\n<p><!-- end of .read-more --><\/p>\n","protected":false},"author":1,"featured_media":0,"comment_status":"open","ping_status":"open","sticky":false,"template":"","format":"standard","meta":{"footnotes":""},"categories":[28,30,22,37,38],"tags":[],"class_list":["post-1665","post","type-post","status-publish","format-standard","hentry","category-capacitacion","category-comercio-exterior","category-espana","category-icex","category-instituto-espanol-de-comercio-exterior"],"_links":{"self":[{"href":"https:\/\/www.exportapymes.com\/comercio-exterior-america-esp\/wp-json\/wp\/v2\/posts\/1665","targetHints":{"allow":["GET"]}}],"collection":[{"href":"https:\/\/www.exportapymes.com\/comercio-exterior-america-esp\/wp-json\/wp\/v2\/posts"}],"about":[{"href":"https:\/\/www.exportapymes.com\/comercio-exterior-america-esp\/wp-json\/wp\/v2\/types\/post"}],"author":[{"embeddable":true,"href":"https:\/\/www.exportapymes.com\/comercio-exterior-america-esp\/wp-json\/wp\/v2\/users\/1"}],"replies":[{"embeddable":true,"href":"https:\/\/www.exportapymes.com\/comercio-exterior-america-esp\/wp-json\/wp\/v2\/comments?post=1665"}],"version-history":[{"count":0,"href":"https:\/\/www.exportapymes.com\/comercio-exterior-america-esp\/wp-json\/wp\/v2\/posts\/1665\/revisions"}],"wp:attachment":[{"href":"https:\/\/www.exportapymes.com\/comercio-exterior-america-esp\/wp-json\/wp\/v2\/media?parent=1665"}],"wp:term":[{"taxonomy":"category","embeddable":true,"href":"https:\/\/www.exportapymes.com\/comercio-exterior-america-esp\/wp-json\/wp\/v2\/categories?post=1665"},{"taxonomy":"post_tag","embeddable":true,"href":"https:\/\/www.exportapymes.com\/comercio-exterior-america-esp\/wp-json\/wp\/v2\/tags?post=1665"}],"curies":[{"name":"wp","href":"https:\/\/api.w.org\/{rel}","templated":true}]}}