{"id":1666,"date":"2008-11-25T07:43:32","date_gmt":"2008-11-25T14:43:32","guid":{"rendered":"http:\/\/www.exportapymes.com\/comercio-exterior-america-esp\/?p=1666"},"modified":"2008-11-25T07:43:32","modified_gmt":"2008-11-25T14:43:32","slug":"promexico-y-prochile-realizan-un-acuerdo-de-cooperacion","status":"publish","type":"post","link":"https:\/\/www.exportapymes.com\/comercio-exterior-america-esp\/promexico-y-prochile-realizan-un-acuerdo-de-cooperacion\/","title":{"rendered":"ProM\u00e9xico y ProChile realizan un acuerdo de cooperaci\u00f3n"},"content":{"rendered":"<p><img loading=\"lazy\" decoding=\"async\" src=\"http:\/\/www.exportapymes.com\/comercio-exterior-america-esp\/images\/promexico.jpg\" alt=\"ProM\u00e9xico\" width=\"193\" height=\"57\" \/> <img loading=\"lazy\" decoding=\"async\" src=\"http:\/\/www.exportapymes.com\/comercio-exterior-america-esp\/images\/prochile.gif\" alt=\"ProChile\" width=\"149\" height=\"40\" \/><br \/>\nCon el fin de estrechar las relaciones de cooperaci\u00f3n entre ambas instituciones y promover la cooperaci\u00f3n econ\u00f3mica y el desarrollo de las relaciones comerciales entre las <strong>empresas mexicanas y chilenas<\/strong>, la <strong>Directora de ProChile, Alicia Frohmann<\/strong>, y el Director de la instituci\u00f3n hom\u00f3loga <strong>ProM\u00e9xico, Bruno Ferrari Garc\u00eda de Alba<\/strong>, firmaron en La Moneda un convenio de colaboraci\u00f3n ante la Presidenta de la Rep\u00fablica de Chile <strong>Michelle Bachelet<\/strong> y el Presidente del pa\u00eds azteca, <strong>Felipe Calder\u00f3n<\/strong>.<br \/>\n<!--more--><br \/>\nA 10 a\u00f1os de la firma del TLC entre Chile y M\u00e9xico y en el marco de la visita del presidente Felipe Calder\u00f3n al pa\u00eds, Michelle Bachelet dijo que \u201cel intercambio comercial ha crecido 15 veces desde 1992, cuando empez\u00f3 a regir el acuerdo comercial que antecedi\u00f3 al TLC\u201d. La Presidenta enfatiz\u00f3 que este mes se decidi\u00f3 incorporar el cap\u00edtulo de compras p\u00fablicas y con ello, las empresas de un pa\u00eds pueden acceder a licitaciones que hace el otro gobierno, generando muchas oportunidades de negocios.<\/p>\n<p>\u201cHace dos a\u00f1os suscribimos un Acuerdo de Asociaci\u00f3n Estrat\u00e9gica, que cre\u00f3 una instancia de cooperaci\u00f3n en lo pol\u00edtico, econ\u00f3mico y de cooperaci\u00f3n. Cada una de estas instancias ha venido reuni\u00e9ndose peri\u00f3dicamente y tomando decisiones que han significado perfeccionar la vinculaci\u00f3n en los \u00e1mbitos que benefician m\u00e1s directamente a nuestros pa\u00edses\u201d, explic\u00f3 la Presidenta.<\/p>\n<p>A su vez, el Mandatario mexicano asegur\u00f3 que \u201ceste momento en que la econom\u00eda m\u00e1s grande del mundo, vecina de la de M\u00e9xico, se encuentra inmersa en un estancamiento sin precedentes en toda la historia de la econom\u00eda global, M\u00e9xico tiene la enorme oportunidad y necesidad de diversificar sus mercados e inversiones y aprovechar la muy privilegiada situaci\u00f3n estrat\u00e9gica que tiene nuestro pa\u00eds para hacer un eslab\u00f3n multidireccional en el comercio y en la inversi\u00f3n global\u201d.<\/p>\n<p>Seg\u00fan Calder\u00f3n, M\u00e9xico es un pa\u00eds con una posici\u00f3n geogr\u00e1fica estrat\u00e9gica: es el \u00fanico latinoamericano ubicado en Norteam\u00e9rica, tiene salida tanto al Pac\u00edfico como al Atl\u00e1ntico, con una red de m\u00e1s de 44 Tratados Comerciales y acceso a m\u00e1s de mil millones de consumidores. El Presidente comparti\u00f3 su anhelo de convertir al pa\u00eds azteca en una plataforma log\u00edstica de comercio e inversi\u00f3n mundial, por lo que ya se han materializado inversiones sin precedentes en infraestructura.<\/p>\n<p>En esta \u00e9poca de crisis, \u201clos pa\u00edses de Am\u00e9rica Latina deben mantenerse unidos para construir una v\u00eda propia de desarrollo que no est\u00e9 desfasada del mundo, pero que encuentre las sinergias necesarias para aprovechar a cabalidad el potencial de Latinoam\u00e9rica\u201d, advirti\u00f3.<\/p>\n<p><em>TLC: Un factor decisivo<\/em><br \/>\nLa Directora de <strong>ProChile<\/strong>, Alicia Frohmann, asegur\u00f3 que \u201cel acuerdo comercial y posterior TLC ha sido un factor decisivo para el incremento de las relaciones econ\u00f3mico-comerciales entre los dos pa\u00edses. Es as\u00ed como entre 1992 y 2007 el intercambio comercial bilateral entre Chile y M\u00e9xico creci\u00f3 en promedio un 16% anual, con vigorosos flujos de comercio de bienes, inversiones, servicios y comunicaciones, as\u00ed como tambi\u00e9n intercambios culturales y tur\u00edsticos\u201d.<\/p>\n<p>En t\u00e9rminos de flujos de comercio, en 1991 las exportaciones chilenas a M\u00e9xico apenas superaban los US$ 43 millones; M\u00e9xico en tanto, enviaba a Chile productos por un valor cercano a los US$ 123 millones.<\/p>\n<p>En 2007 las exportaciones chilenas a M\u00e9xico totalizaron US$ 2.368 millones y el intercambio comercial lleg\u00f3 a los US$ 3.715 millones, cifra muy superior a los US$ 166 millones de intercambio que ten\u00edan los dos pa\u00edses a inicios de la d\u00e9cada pasada. A septiembre de este a\u00f1o, el intercambio comercial bilateral entre Chile y M\u00e9xico ya alcanzaba los US$ 3.127 millones.<\/p>\n<p>Hoy, M\u00e9xico ocupa la novena posici\u00f3n como socio comercial de Chile y como destino de las exportaciones nacionales, captando el 3,6% del total de los env\u00edos y el 6,8% del total de exportaciones No Tradicionales.<\/p>\n<p>En t\u00e9rminos de diversificaci\u00f3n de nuestra canasta exportadora, el Tratado de Libre Comercio con M\u00e9xico ha facilitado la incorporaci\u00f3n de nuevos productos hacia dicho destino. En efecto, en el a\u00f1o 2007 Chile export\u00f3 a M\u00e9xico un total de 1.321 productos, 531 m\u00e1s que lo registrado el a\u00f1o 1999.<\/p>\n<p>Actualmente el comercio entre ambos pa\u00edses es bastante diversificado. En las exportaciones chilenas a M\u00e9xico predominan los env\u00edos de productos no tradicionales con valor agregado, como madera aserrada, carnes de ave, l\u00e1cteos, frutas, salmones, vinos y servicios, entre muchos otros.<\/p>\n<p>Respecto de la inversi\u00f3n extranjera, en el per\u00edodo 1974-1998 la inversi\u00f3n extranjera en Chile proveniente de M\u00e9xico totalizaba los US$57 millones. Sin embargo, a partir de la vigencia del TLC se han generado importantes flujos de inversi\u00f3n mexicana, llegando a sumar actualmente US$1.134 millones en sectores como servicios, comunicaciones y miner\u00eda.<\/p>\n<p>A su vez, la inversi\u00f3n directa de Chile materializada en M\u00e9xico asciende a los US$ 711 millones, lo que representa un 1,6% del total invertido por el pa\u00eds en el exterior. A nivel sectorial, el principal receptor de inversiones chilenas en M\u00e9xico es el sector de servicios (84%), seguido por industria (11%), agropecuario (4%) y miner\u00eda (1%).<\/p>\n","protected":false},"excerpt":{"rendered":"<p>Con el fin de estrechar las relaciones de cooperaci\u00f3n entre ambas instituciones y promover la cooperaci\u00f3n econ\u00f3mica y el desarrollo de las relaciones comerciales entre las empresas mexicanas y chilenas, la Directora de ProChile, Alicia Frohmann, y el Director de<span class=\"ellipsis\">&hellip;<\/span><\/p>\n<div class=\"read-more\"><a href=\"https:\/\/www.exportapymes.com\/comercio-exterior-america-esp\/promexico-y-prochile-realizan-un-acuerdo-de-cooperacion\/\">Leer m&aacute;s &#8250;<\/a><\/div>\n<p><!-- end of .read-more --><\/p>\n","protected":false},"author":1,"featured_media":0,"comment_status":"open","ping_status":"open","sticky":false,"template":"","format":"standard","meta":{"footnotes":""},"categories":[4,30,24,35,13,40,60],"tags":[],"class_list":["post-1666","post","type-post","status-publish","format-standard","hentry","category-chile","category-comercio-exterior","category-exportacion","category-exportador","category-mexico","category-prochile","category-promexico"],"_links":{"self":[{"href":"https:\/\/www.exportapymes.com\/comercio-exterior-america-esp\/wp-json\/wp\/v2\/posts\/1666","targetHints":{"allow":["GET"]}}],"collection":[{"href":"https:\/\/www.exportapymes.com\/comercio-exterior-america-esp\/wp-json\/wp\/v2\/posts"}],"about":[{"href":"https:\/\/www.exportapymes.com\/comercio-exterior-america-esp\/wp-json\/wp\/v2\/types\/post"}],"author":[{"embeddable":true,"href":"https:\/\/www.exportapymes.com\/comercio-exterior-america-esp\/wp-json\/wp\/v2\/users\/1"}],"replies":[{"embeddable":true,"href":"https:\/\/www.exportapymes.com\/comercio-exterior-america-esp\/wp-json\/wp\/v2\/comments?post=1666"}],"version-history":[{"count":0,"href":"https:\/\/www.exportapymes.com\/comercio-exterior-america-esp\/wp-json\/wp\/v2\/posts\/1666\/revisions"}],"wp:attachment":[{"href":"https:\/\/www.exportapymes.com\/comercio-exterior-america-esp\/wp-json\/wp\/v2\/media?parent=1666"}],"wp:term":[{"taxonomy":"category","embeddable":true,"href":"https:\/\/www.exportapymes.com\/comercio-exterior-america-esp\/wp-json\/wp\/v2\/categories?post=1666"},{"taxonomy":"post_tag","embeddable":true,"href":"https:\/\/www.exportapymes.com\/comercio-exterior-america-esp\/wp-json\/wp\/v2\/tags?post=1666"}],"curies":[{"name":"wp","href":"https:\/\/api.w.org\/{rel}","templated":true}]}}