{"id":1681,"date":"2008-12-22T15:55:09","date_gmt":"2008-12-22T22:55:09","guid":{"rendered":"http:\/\/www.exportapymes.com\/comercio-exterior-america-esp\/?p=1681"},"modified":"2008-12-22T15:55:09","modified_gmt":"2008-12-22T22:55:09","slug":"programa-de-simplificacion-de-comercio-exterior-en-mexico","status":"publish","type":"post","link":"https:\/\/www.exportapymes.com\/comercio-exterior-america-esp\/programa-de-simplificacion-de-comercio-exterior-en-mexico\/","title":{"rendered":"Programa de Simplificaci\u00f3n de Comercio Exterior en M\u00e9xico"},"content":{"rendered":"<p>Las secretar\u00edas de Econom\u00eda y Hacienda y Cr\u00e9dito P\u00fablico, junto con la Concam\u00edn y la Canacintra, suscribieron el <strong>Programa de Simplificaci\u00f3n de Comercio Exterior, <\/strong>acordado en el mes de octubre entre el Gobierno federal y el Sector productivo para impulsar el crecimiento y el empleo, el cual consta de cinco grandes medidas para reactivar los motores internos de la econom\u00eda nacional e incrementar su competitividad.<br \/>\n<img loading=\"lazy\" decoding=\"async\" class=\"alignnone\" src=\"http:\/\/www.exportapymes.com\/comercio-exterior-america-esp\/images\/ban\/mexico.jpg\" alt=\"\" width=\"100\" height=\"57\" \/>   La quinta medida de este programa consiste en acelerar la desregulaci\u00f3n y la desgravaci\u00f3n arancelaria. Este viernes \u00faltimo, el Presidente Calder\u00f3n envi\u00f3<br \/>\n<!--more--> para su publicaci\u00f3n en el Diario Oficial de la Federaci\u00f3n el Decreto mediante el cual se pone en marcha esta \u00faltima medida, que contribuir\u00e1 a mejorar la competitividad de la econom\u00eda nacional; a incrementar la<br \/>\ninversi\u00f3n, la producci\u00f3n, las exportaciones y el empleo; y que traer\u00e1 amplios beneficios para los consumidores.<\/p>\n<p>La medida consiste en la implementaci\u00f3n de un Programa <strong>de Simplificaci\u00f3n de las Actividades de Comercio Exterior<\/strong> Acordado por el Gobierno Federal y los Sectores Productivos, con los siguientes objetivos:<\/p>\n<p>1. Reducir los costos operativos y administrativos de todas las empresas,<br \/>\naumentando su productividad y la competitividad del pa\u00eds.<\/p>\n<p>2. Extender los <strong>beneficios del comercio exterior a todas las empresas<\/strong>, especialmente a las <strong>peque\u00f1as y medianas empresas<\/strong>.<\/p>\n<p>3. Beneficiar a los consumidores a trav\u00e9s de la disponibilidad de una mayor variedad de bienes y servicios de mejor calidad a precios competitivos.<\/p>\n<p>Este programa abarca tres paquetes de acciones:<\/p>\n<p>1. <strong>Simplificaci\u00f3n de los tr\u00e1mites de comercio exterior y de operaci\u00f3n aduanera<\/strong>.<\/p>\n<p>2. <strong>Promoci\u00f3n de la competencia y eficiencia en los servicios conexos al despacho aduanero<\/strong>.<\/p>\n<p>3. <strong>Reducci\u00f3n gradual en los aranceles de productos industriales de manera que se vayan generalizando los beneficios de los programas sectoriales<\/strong>.<\/p>\n<p>En el proceso de dise\u00f1o del <strong>Programa de Simplificaci\u00f3n de las Actividades de Comercio Exterior<\/strong> presentado se trabaj\u00f3 de forma activa y conjunta con los sectores productivos, lo que permiti\u00f3 acordar un paquete de acciones en materia de <strong>comercio exterior<\/strong>.<\/p>\n<p>Adicionalmente, se atendieron las preocupaciones derivadas de las limitaciones existentes en el pa\u00eds en materia de competitividad mediante una Agenda de Trabajo entre la Secretar\u00eda de Econom\u00eda y el sector industrial.<\/p>\n<p>Esto permitir\u00e1 enfocar esfuerzos y avanzar m\u00e1s r\u00e1pidamente en la estrategia de competitividad nacional.<\/p>\n<p>Es importante recalcar que la reducci\u00f3n de aranceles de productos industriales se dar\u00e1 de forma gradual a lo largo de los siguientes a\u00f1os y conforme se vayan alcanzando los compromisos establecidos en la Agenda de Trabajo.<\/p>\n<p>Esto permitir\u00e1 a la industria nacional incrementar su productividad, aumentar el valor agregado de sus productos y migrar hacia sectores donde cuenta con mayores ventajas comparativas.<\/p>\n","protected":false},"excerpt":{"rendered":"<p>Las secretar\u00edas de Econom\u00eda y Hacienda y Cr\u00e9dito P\u00fablico, junto con la Concam\u00edn y la Canacintra, suscribieron el Programa de Simplificaci\u00f3n de Comercio Exterior, acordado en el mes de octubre entre el Gobierno federal y el Sector productivo para impulsar<span class=\"ellipsis\">&hellip;<\/span><\/p>\n<div class=\"read-more\"><a href=\"https:\/\/www.exportapymes.com\/comercio-exterior-america-esp\/programa-de-simplificacion-de-comercio-exterior-en-mexico\/\">Leer m&aacute;s &#8250;<\/a><\/div>\n<p><!-- end of .read-more --><\/p>\n","protected":false},"author":1,"featured_media":0,"comment_status":"open","ping_status":"open","sticky":false,"template":"","format":"standard","meta":{"footnotes":""},"categories":[30,24,35,25,13,29,27],"tags":[],"class_list":["post-1681","post","type-post","status-publish","format-standard","hentry","category-comercio-exterior","category-exportacion","category-exportador","category-internacionalizacion","category-mexico","category-mipymes","category-pymes"],"_links":{"self":[{"href":"https:\/\/www.exportapymes.com\/comercio-exterior-america-esp\/wp-json\/wp\/v2\/posts\/1681","targetHints":{"allow":["GET"]}}],"collection":[{"href":"https:\/\/www.exportapymes.com\/comercio-exterior-america-esp\/wp-json\/wp\/v2\/posts"}],"about":[{"href":"https:\/\/www.exportapymes.com\/comercio-exterior-america-esp\/wp-json\/wp\/v2\/types\/post"}],"author":[{"embeddable":true,"href":"https:\/\/www.exportapymes.com\/comercio-exterior-america-esp\/wp-json\/wp\/v2\/users\/1"}],"replies":[{"embeddable":true,"href":"https:\/\/www.exportapymes.com\/comercio-exterior-america-esp\/wp-json\/wp\/v2\/comments?post=1681"}],"version-history":[{"count":1,"href":"https:\/\/www.exportapymes.com\/comercio-exterior-america-esp\/wp-json\/wp\/v2\/posts\/1681\/revisions"}],"predecessor-version":[{"id":1682,"href":"https:\/\/www.exportapymes.com\/comercio-exterior-america-esp\/wp-json\/wp\/v2\/posts\/1681\/revisions\/1682"}],"wp:attachment":[{"href":"https:\/\/www.exportapymes.com\/comercio-exterior-america-esp\/wp-json\/wp\/v2\/media?parent=1681"}],"wp:term":[{"taxonomy":"category","embeddable":true,"href":"https:\/\/www.exportapymes.com\/comercio-exterior-america-esp\/wp-json\/wp\/v2\/categories?post=1681"},{"taxonomy":"post_tag","embeddable":true,"href":"https:\/\/www.exportapymes.com\/comercio-exterior-america-esp\/wp-json\/wp\/v2\/tags?post=1681"}],"curies":[{"name":"wp","href":"https:\/\/api.w.org\/{rel}","templated":true}]}}