{"id":169,"date":"2006-03-17T21:34:40","date_gmt":"2006-03-18T04:34:40","guid":{"rendered":"http:\/\/www.exportapymes.com\/comercio-exterior-america-esp\/pymes-de-el-salvador-buscan-expandirse-al-mercado-japones\/"},"modified":"2006-03-17T21:34:40","modified_gmt":"2006-03-18T04:34:40","slug":"pymes-de-el-salvador-buscan-expandirse-al-mercado-japones","status":"publish","type":"post","link":"https:\/\/www.exportapymes.com\/comercio-exterior-america-esp\/pymes-de-el-salvador-buscan-expandirse-al-mercado-japones\/","title":{"rendered":"PyMEs de El Salvador buscan expandirse al mercado japon\u00e9s"},"content":{"rendered":"<p>Se llev\u00f3 a cabo la segunda capacitaci\u00f3n que la C\u00e1mara de Comercio organiza en pro de los <strong>medianos y peque\u00f1os empresarios (Pymes)<\/strong> interesados en <strong>exportar hacia Jap\u00f3n<\/strong>. \u201cQueremos dar a conocer las oportunidades que tienen los <strong>productos salvadore\u00f1os<\/strong> <strong>en ese mercado<\/strong>\u201d, coment\u00f3 Elena Mar\u00eda de Alfaro, presidenta de dicha C\u00e1mara.<br \/>\n<img decoding=\"async\" src=\"http:\/\/www.exportapymes.com\/comercio-exterior-america-esp\/images\/ban\/el_salvador.jpg\" \/><br \/>\n<!--more-->El seminario tuvo como principal objetivo dar un vistazo al ambiente de ventas que resulta favorable en el pa\u00eds oriental. Alfaro afirm\u00f3 que los productos \u00e9tnicos tienen mayor espacio de colocaci\u00f3n. \u201cAdem\u00e1s, queremos mantener el acercamiento entre estas dos naciones\u201d, agreg\u00f3 Akio Ozono, embajador de Jap\u00f3n en El Salvador. <\/p>\n<p>El a\u00f1o pasado, el monto de <strong>exportaci\u00f3n<\/strong> hacia ese pa\u00eds fue de $16 millones. La presidenta de la C\u00e1mara rescat\u00f3 que, durante siete a\u00f1os, hasta 2004, las <strong>exportaciones<\/strong> se hab\u00edan mantenido en $9.2 millones. Aunque la cantidad sea poca, consider\u00f3 que el crecimiento fue significativo.<\/p>\n<p>Pablo Dur\u00e1n, director de la <strong>Corporaci\u00f3n de Exportadores<\/strong> (<strong>Coexport<\/strong>), mencion\u00f3 que la mayor parte de esos $16 millones provino de la comercializaci\u00f3n del caf\u00e9. \u201cHay potencial para diversificarnos y explorar otros rubros\u201d, se\u00f1al\u00f3.<\/p>\n<p>Para \u00e9l, este taller es una forma de conocer a los japoneses, su estilo de vida, su cultura, sus h\u00e1bitos de compra y sus necesidades.<\/p>\n<p>Al evento asistieron representantes de 60 empresas.<\/p>\n<p>La expectativa de la C\u00e1mara es que un 20% de ellas <strong>comiencen a exportar<\/strong> o a gestionar futuros <strong>tratos con compradores japoneses<\/strong>.<\/p>\n<p>Entre los asistentes se encontraban productores de a\u00f1il, miel, plantas ornamentales, caf\u00e9, entre otros. El Mundo<\/p>\n","protected":false},"excerpt":{"rendered":"<p>Se llev\u00f3 a cabo la segunda capacitaci\u00f3n que la C\u00e1mara de Comercio organiza en pro de los medianos y peque\u00f1os empresarios (Pymes) interesados en exportar hacia Jap\u00f3n. \u201cQueremos dar a conocer las oportunidades que tienen los productos salvadore\u00f1os en ese<span class=\"ellipsis\">&hellip;<\/span><\/p>\n<div class=\"read-more\"><a href=\"https:\/\/www.exportapymes.com\/comercio-exterior-america-esp\/pymes-de-el-salvador-buscan-expandirse-al-mercado-japones\/\">Leer m&aacute;s &#8250;<\/a><\/div>\n<p><!-- end of .read-more --><\/p>\n","protected":false},"author":1,"featured_media":0,"comment_status":"open","ping_status":"open","sticky":false,"template":"","format":"standard","meta":{"footnotes":""},"categories":[9],"tags":[],"class_list":["post-169","post","type-post","status-publish","format-standard","hentry","category-el-salvador"],"_links":{"self":[{"href":"https:\/\/www.exportapymes.com\/comercio-exterior-america-esp\/wp-json\/wp\/v2\/posts\/169","targetHints":{"allow":["GET"]}}],"collection":[{"href":"https:\/\/www.exportapymes.com\/comercio-exterior-america-esp\/wp-json\/wp\/v2\/posts"}],"about":[{"href":"https:\/\/www.exportapymes.com\/comercio-exterior-america-esp\/wp-json\/wp\/v2\/types\/post"}],"author":[{"embeddable":true,"href":"https:\/\/www.exportapymes.com\/comercio-exterior-america-esp\/wp-json\/wp\/v2\/users\/1"}],"replies":[{"embeddable":true,"href":"https:\/\/www.exportapymes.com\/comercio-exterior-america-esp\/wp-json\/wp\/v2\/comments?post=169"}],"version-history":[{"count":0,"href":"https:\/\/www.exportapymes.com\/comercio-exterior-america-esp\/wp-json\/wp\/v2\/posts\/169\/revisions"}],"wp:attachment":[{"href":"https:\/\/www.exportapymes.com\/comercio-exterior-america-esp\/wp-json\/wp\/v2\/media?parent=169"}],"wp:term":[{"taxonomy":"category","embeddable":true,"href":"https:\/\/www.exportapymes.com\/comercio-exterior-america-esp\/wp-json\/wp\/v2\/categories?post=169"},{"taxonomy":"post_tag","embeddable":true,"href":"https:\/\/www.exportapymes.com\/comercio-exterior-america-esp\/wp-json\/wp\/v2\/tags?post=169"}],"curies":[{"name":"wp","href":"https:\/\/api.w.org\/{rel}","templated":true}]}}