{"id":1701,"date":"2009-01-08T12:13:28","date_gmt":"2009-01-08T19:13:28","guid":{"rendered":"http:\/\/www.exportapymes.com\/comercio-exterior-america-esp\/?p=1701"},"modified":"2009-01-08T12:13:28","modified_gmt":"2009-01-08T19:13:28","slug":"foro-de-la-exportacion-de-la-empresa-extremena-2009","status":"publish","type":"post","link":"https:\/\/www.exportapymes.com\/comercio-exterior-america-esp\/foro-de-la-exportacion-de-la-empresa-extremena-2009\/","title":{"rendered":"Foro de la Exportaci\u00f3n de la Empresa Extreme\u00f1a 2009"},"content":{"rendered":"<p><img loading=\"lazy\" decoding=\"async\" class=\"alignnone\" title=\"Foro de la Exportaci\u00f3n de la Empresa Extreme\u00f1a 2009 \" src=\"http:\/\/www.exportapymes.com\/comercio-exterior-america-esp\/images\/internacionalizacion\/foro-exportacion.jpg\" alt=\"\" width=\"130\" height=\"58\" \/><br \/>\nEl <strong>Foro de la Exportaci\u00f3n<\/strong>, es una iniciativa de la <strong>Junta de Extremadura<\/strong> organizado a trav\u00e9s de Fomento de Mercados de Extremadura y realizado en colaboraci\u00f3n de las <strong>C\u00e1maras de Comercio de Extremadura<\/strong> y el <strong>ICEX<\/strong>.<br \/>\nEl <strong>V Foro de Exportaci\u00f3n<\/strong>, que tendr\u00e1 lugar el pr\u00f3ximo 22 de enero, es un punto de encuentro que re\u00fane a las instituciones y personas claves en materia de comercio exterior.<br \/>\n<!--more--><br \/>\nCon el comienzo del a\u00f1o, con esta iniciativa, se intenta aunar, en un mismo espacio y al mismo tiempo, a todas aquellas empresas extreme\u00f1as, que est\u00e1n vinculadas con el mundo de la <strong>exportaci\u00f3n<\/strong>.<\/p>\n<p>De este modo, el evento contar\u00e1 con la presencia de ponentes que resalten entre otros temas el marketing internacional en un entorno de competencia de precios, la automotivaci\u00f3n, la realidad de la percepci\u00f3n de los productos espa\u00f1oles, experiencias de \u00e9xito en los <strong>mercados exteriores<\/strong>, sin dejar a un lado las nuevas formas de <strong>internacionalizaci\u00f3n<\/strong>.<\/p>\n<p>Igualmente, y como en Foros anteriores, habr\u00e1 un espacio para la resoluci\u00f3n de dudas por parte de las oficinas comerciales de la Junta de Extremadura en el extranjero. Las empresas que as\u00ed lo deseen, pueden acercarse a los promotores de pa\u00edses de importancia estrat\u00e9gica para la Junta, como son Reino Unido, Francia, Alemania, B\u00e9lgica, Portugal, Polonia, M\u00e9xico, Brasil y China con el fin de plantearles sus cuestiones relativas las posibilidades comerciales o sobre la viabilidad de sus productos en estos mercados objetivos.<\/p>\n<p>La organizaci\u00f3n ha resaltado que todas estas facilidades han convertido al <strong>Foro de Exportaci\u00f3n<\/strong>, en un referente auton\u00f3mico que se ve consolidado como un espacio vivo, donde el intercambio de impresiones es absolutamente din\u00e1mico, y cuyo objetivo es evolucionar conforme a las peticiones de las empresas, seg\u00fan lo requiera as\u00ed el desarrollo del mercado y demuestren su inter\u00e9s las distintas sociedades extreme\u00f1as a lo largo del tiempo.<\/p>\n<p>Informes e inscripci\u00f3n:<br \/>\n<a href=\"http:\/\/www.fomentomercados.com\/foro\/inscribete.asp\" target=\"_blank\">http:\/\/www.fomentomercados.com\/foro\/inscribete.asp<\/a><\/p>\n","protected":false},"excerpt":{"rendered":"<p>El Foro de la Exportaci\u00f3n, es una iniciativa de la Junta de Extremadura organizado a trav\u00e9s de Fomento de Mercados de Extremadura y realizado en colaboraci\u00f3n de las C\u00e1maras de Comercio de Extremadura y el ICEX. El V Foro de<span class=\"ellipsis\">&hellip;<\/span><\/p>\n<div class=\"read-more\"><a href=\"https:\/\/www.exportapymes.com\/comercio-exterior-america-esp\/foro-de-la-exportacion-de-la-empresa-extremena-2009\/\">Leer m&aacute;s &#8250;<\/a><\/div>\n<p><!-- end of .read-more --><\/p>\n","protected":false},"author":1,"featured_media":0,"comment_status":"open","ping_status":"open","sticky":false,"template":"","format":"standard","meta":{"footnotes":""},"categories":[30,22,24,37,38,25],"tags":[],"class_list":["post-1701","post","type-post","status-publish","format-standard","hentry","category-comercio-exterior","category-espana","category-exportacion","category-icex","category-instituto-espanol-de-comercio-exterior","category-internacionalizacion"],"_links":{"self":[{"href":"https:\/\/www.exportapymes.com\/comercio-exterior-america-esp\/wp-json\/wp\/v2\/posts\/1701","targetHints":{"allow":["GET"]}}],"collection":[{"href":"https:\/\/www.exportapymes.com\/comercio-exterior-america-esp\/wp-json\/wp\/v2\/posts"}],"about":[{"href":"https:\/\/www.exportapymes.com\/comercio-exterior-america-esp\/wp-json\/wp\/v2\/types\/post"}],"author":[{"embeddable":true,"href":"https:\/\/www.exportapymes.com\/comercio-exterior-america-esp\/wp-json\/wp\/v2\/users\/1"}],"replies":[{"embeddable":true,"href":"https:\/\/www.exportapymes.com\/comercio-exterior-america-esp\/wp-json\/wp\/v2\/comments?post=1701"}],"version-history":[{"count":2,"href":"https:\/\/www.exportapymes.com\/comercio-exterior-america-esp\/wp-json\/wp\/v2\/posts\/1701\/revisions"}],"predecessor-version":[{"id":1703,"href":"https:\/\/www.exportapymes.com\/comercio-exterior-america-esp\/wp-json\/wp\/v2\/posts\/1701\/revisions\/1703"}],"wp:attachment":[{"href":"https:\/\/www.exportapymes.com\/comercio-exterior-america-esp\/wp-json\/wp\/v2\/media?parent=1701"}],"wp:term":[{"taxonomy":"category","embeddable":true,"href":"https:\/\/www.exportapymes.com\/comercio-exterior-america-esp\/wp-json\/wp\/v2\/categories?post=1701"},{"taxonomy":"post_tag","embeddable":true,"href":"https:\/\/www.exportapymes.com\/comercio-exterior-america-esp\/wp-json\/wp\/v2\/tags?post=1701"}],"curies":[{"name":"wp","href":"https:\/\/api.w.org\/{rel}","templated":true}]}}