{"id":1704,"date":"2009-01-09T12:16:05","date_gmt":"2009-01-09T19:16:05","guid":{"rendered":"http:\/\/www.exportapymes.com\/comercio-exterior-america-esp\/?p=1704"},"modified":"2009-01-09T12:16:05","modified_gmt":"2009-01-09T19:16:05","slug":"semana-europea-de-las-pyme","status":"publish","type":"post","link":"https:\/\/www.exportapymes.com\/comercio-exterior-america-esp\/semana-europea-de-las-pyme\/","title":{"rendered":"Semana Europea de las PyME"},"content":{"rendered":"<p><img loading=\"lazy\" decoding=\"async\" class=\"alignnone\" title=\"Comisi\u00f3n Europea\" src=\"http:\/\/www.exportapymes.com\/comercio-exterior-america-esp\/images\/internacionalizacion\/comision-europea.jpg\" alt=\"\" width=\"280\" height=\"47\" \/><br \/>\n<em>6 y 14 de mayo de 2009<\/em><br \/>\nLa <strong>Comisi\u00f3n Europea<\/strong> est\u00e1 organizando la celebraci\u00f3n de la primera &#8220;<strong>Semana Europea de las PyME<\/strong>&#8220;.<br \/>\nLa Semana intenta ser un &#8220;paraguas&#8221; que acoja bajo su nombre y logo, en todos los Estados miembros, eventos y actividades encaminados a promocionar a las <strong>PyME<\/strong> y potenciar la iniciativa emprendedora.<br \/>\n<!--more--><br \/>\nLa Comisi\u00f3n organizar\u00e1 sus actividades entre los d\u00edas 6 y 14 de mayo de 2009, comenzando con la presentaci\u00f3n y lanzamiento de la Semana en Bruselas el 6 de mayo, y realiz\u00e1ndose la clausura en Praga, en el marco de la presidencia checa, el 14 de mayo, que incluir\u00e1 tambi\u00e9n la ceremonia de entrega de la tercera edici\u00f3n de los <strong>Premios Europeos de Empresa<\/strong>.<\/p>\n<p>Los eventos, actividades o cualquier otra iniciativa que las partes interesadas, p\u00fablicas y privadas, deseen organizar dentro de esta iniciativa en los Estados miembros, pordr\u00e1n llevarse a cabo a lo largo de todo el a\u00f1o 2009, y ser de muy variada naturaleza en contenido y formato, siempre y cuando &#8220;est\u00e9n destinados a apoyar a las <strong>PyME<\/strong> y a incentivar la iniciativa emprendedora entre la poblaci\u00f3n&#8221;.<\/p>\n<p>La Comisi\u00f3n comunica que no financiar\u00e1 la organizaci\u00f3n de los eventos. Tampoco lo har\u00e1 esta <strong>Direcci\u00f3n General de Pol\u00edtica de la PyME<\/strong>.<\/p>\n<p>Los coordinadores nacionales se encargar\u00e1n de seleccionar las propuestas presentadas para que la Comisi\u00f3n Europea les suministre el material distintivo de la Semana.<\/p>\n<p>Las propuestas de actividades se presentar\u00e1n cumplimentando el Formulario de registro elaborado al efecto por la Comisi\u00f3n y remiti\u00e9ndolo por correo electr\u00f3nico a la coordinadora nacional F\u00e1tima M\u00ednguez (<a href=\"mailto:mfminguez@mityc.es\">mfminguez@mityc.es<\/a>).<\/p>\n<p>La Comisi\u00f3n Europea ha creado una web espec\u00edfica para apoyar esta iniciativa que puede consultarse en el siguiente enlace:<br \/>\n<a href=\"http:\/\/ec.europa.eu\/enterprise\/policy\/entrepreneurship\/sme-week\/\" target=\"_blank\">http:\/\/ec.europa.eu\/enterprise\/policy\/entrepreneurship\/sme-week\/<\/a><\/p>\n","protected":false},"excerpt":{"rendered":"<p>6 y 14 de mayo de 2009 La Comisi\u00f3n Europea est\u00e1 organizando la celebraci\u00f3n de la primera &#8220;Semana Europea de las PyME&#8220;. La Semana intenta ser un &#8220;paraguas&#8221; que acoja bajo su nombre y logo, en todos los Estados miembros,<span class=\"ellipsis\">&hellip;<\/span><\/p>\n<div class=\"read-more\"><a href=\"https:\/\/www.exportapymes.com\/comercio-exterior-america-esp\/semana-europea-de-las-pyme\/\">Leer m&aacute;s &#8250;<\/a><\/div>\n<p><!-- end of .read-more --><\/p>\n","protected":false},"author":1,"featured_media":0,"comment_status":"open","ping_status":"open","sticky":false,"template":"","format":"standard","meta":{"footnotes":""},"categories":[25,29,27,49],"tags":[],"class_list":["post-1704","post","type-post","status-publish","format-standard","hentry","category-internacionalizacion","category-mipymes","category-pymes","category-pymex"],"_links":{"self":[{"href":"https:\/\/www.exportapymes.com\/comercio-exterior-america-esp\/wp-json\/wp\/v2\/posts\/1704","targetHints":{"allow":["GET"]}}],"collection":[{"href":"https:\/\/www.exportapymes.com\/comercio-exterior-america-esp\/wp-json\/wp\/v2\/posts"}],"about":[{"href":"https:\/\/www.exportapymes.com\/comercio-exterior-america-esp\/wp-json\/wp\/v2\/types\/post"}],"author":[{"embeddable":true,"href":"https:\/\/www.exportapymes.com\/comercio-exterior-america-esp\/wp-json\/wp\/v2\/users\/1"}],"replies":[{"embeddable":true,"href":"https:\/\/www.exportapymes.com\/comercio-exterior-america-esp\/wp-json\/wp\/v2\/comments?post=1704"}],"version-history":[{"count":2,"href":"https:\/\/www.exportapymes.com\/comercio-exterior-america-esp\/wp-json\/wp\/v2\/posts\/1704\/revisions"}],"predecessor-version":[{"id":1706,"href":"https:\/\/www.exportapymes.com\/comercio-exterior-america-esp\/wp-json\/wp\/v2\/posts\/1704\/revisions\/1706"}],"wp:attachment":[{"href":"https:\/\/www.exportapymes.com\/comercio-exterior-america-esp\/wp-json\/wp\/v2\/media?parent=1704"}],"wp:term":[{"taxonomy":"category","embeddable":true,"href":"https:\/\/www.exportapymes.com\/comercio-exterior-america-esp\/wp-json\/wp\/v2\/categories?post=1704"},{"taxonomy":"post_tag","embeddable":true,"href":"https:\/\/www.exportapymes.com\/comercio-exterior-america-esp\/wp-json\/wp\/v2\/tags?post=1704"}],"curies":[{"name":"wp","href":"https:\/\/api.w.org\/{rel}","templated":true}]}}