{"id":1782,"date":"2009-03-04T16:08:22","date_gmt":"2009-03-04T23:08:22","guid":{"rendered":"http:\/\/www.exportapymes.com\/comercio-exterior-america-esp\/?p=1782"},"modified":"2009-03-04T16:08:22","modified_gmt":"2009-03-04T23:08:22","slug":"seminario-para-la-internacionalizacion-atrevete-a-exportar-en-valladolid","status":"publish","type":"post","link":"https:\/\/www.exportapymes.com\/comercio-exterior-america-esp\/seminario-para-la-internacionalizacion-atrevete-a-exportar-en-valladolid\/","title":{"rendered":"Seminario para la internacionalizaci\u00f3n: &#8220;Atr\u00e9vete a Exportar&#8221; en Valladolid"},"content":{"rendered":"<p>Organizado por el <strong>Instituto Espa\u00f1ol de Comercio Exterior (ICEX)<\/strong>, se realizar\u00e1 en Valladolid el d\u00eda 16 de marzo, el <strong>seminario &#8220;Atr\u00e9vete a Exportar&#8221;<\/strong>, que tiene como objetivo fomentar el esp\u00edritu exportador y conseguir que los emprendedores se conviertan en nuevos exportadores.<br \/>\n<img loading=\"lazy\" decoding=\"async\" class=\"alignnone\" src=\"http:\/\/www.exportapymes.com\/comercio-exterior-america-esp\/images\/ban\/spain.jpg\" alt=\"\" width=\"100\" height=\"66\" \/>   En el transcurso del Seminario, se analizar\u00e1n cu\u00e1les son las motivaciones que llevan a la<strong> internacionalizaci\u00f3n de la empresa<\/strong>, las diferentes opciones que existen, as\u00ed como las ventajas e inconvenientes que implica.<\/p>\n<p><!--more--><\/p>\n<p>Durante todo el seminario se utilizan ejemplos reales de empresas que est\u00e1n presentes en otros mercados.<\/p>\n<p>Adem\u00e1s, se presentan entidades y <strong>programas de apoyo a la exportaci\u00f3n<\/strong> que ayudan a las empresas en su andadura internacional.<\/p>\n<p style=\"text-align: center;\"><em> PROGRAMA<\/em><\/p>\n<p>16,00 RECEPCI\u00d3N DE ASISTENTES<\/p>\n<p>16,15 APERTURA<br \/>\nIsabel Clavero Ma\u00f1ueco<br \/>\nDirectora Territorial de Comercio y Delegada ICEX en Castilla y Le\u00f3n<\/p>\n<p>16,30 MOTIVACIONES PARA EXPORTAR<br \/>\nAn\u00e1lisis de los distintos motivos que llevan a una empresa a introducirse en mercados exteriores<br \/>\nSELECCI\u00d3N DE MERCADOS<br \/>\n&#8211; Estrategias de selecci\u00f3n de mercados<br \/>\nPROGRAMAS DE APOYO A LA EXPORTACI\u00d3N<br \/>\n&#8211; C\u00e1maras de Comercio. ICEX. Programas de la UE.<br \/>\n&#8211; Apoyo en el exterior. Webs de inter\u00e9s<\/p>\n<p>17.45 CLAUSURA<br \/>\nCarlos Escudero Mart\u00ednez<br \/>\nDirector General de la Feria de Valladolid<br \/>\nPonente: V\u00edctor M. Sixto San Jos\u00e9. Consultor Comercio Exterior.<\/p>\n<p>Inscripciones:<br \/>\nDirecci\u00f3n Territorial de Comercio \u2013 ICEX<br \/>\nTel.: 983 360 340<br \/>\nFax: 983 343 767<br \/>\n<a href=\"mailto:valladolid@mcx.es\">valladolid@mcx.es<\/a><\/p>\n<p>Lugar de celebraci\u00f3n:<br \/>\nFeria de Valladolid<br \/>\nSala 2<br \/>\nAvda. Ram\u00f3n Pradera, s\/n<br \/>\n47009 &#8211; Valladolid<\/p>\n","protected":false},"excerpt":{"rendered":"<p>Organizado por el Instituto Espa\u00f1ol de Comercio Exterior (ICEX), se realizar\u00e1 en Valladolid el d\u00eda 16 de marzo, el seminario &#8220;Atr\u00e9vete a Exportar&#8221;, que tiene como objetivo fomentar el esp\u00edritu exportador y conseguir que los emprendedores se conviertan en nuevos<span class=\"ellipsis\">&hellip;<\/span><\/p>\n<div class=\"read-more\"><a href=\"https:\/\/www.exportapymes.com\/comercio-exterior-america-esp\/seminario-para-la-internacionalizacion-atrevete-a-exportar-en-valladolid\/\">Leer m&aacute;s &#8250;<\/a><\/div>\n<p><!-- end of .read-more --><\/p>\n","protected":false},"author":1,"featured_media":0,"comment_status":"open","ping_status":"open","sticky":false,"template":"","format":"standard","meta":{"footnotes":""},"categories":[28,24,35,37,38,25],"tags":[],"class_list":["post-1782","post","type-post","status-publish","format-standard","hentry","category-capacitacion","category-exportacion","category-exportador","category-icex","category-instituto-espanol-de-comercio-exterior","category-internacionalizacion"],"_links":{"self":[{"href":"https:\/\/www.exportapymes.com\/comercio-exterior-america-esp\/wp-json\/wp\/v2\/posts\/1782","targetHints":{"allow":["GET"]}}],"collection":[{"href":"https:\/\/www.exportapymes.com\/comercio-exterior-america-esp\/wp-json\/wp\/v2\/posts"}],"about":[{"href":"https:\/\/www.exportapymes.com\/comercio-exterior-america-esp\/wp-json\/wp\/v2\/types\/post"}],"author":[{"embeddable":true,"href":"https:\/\/www.exportapymes.com\/comercio-exterior-america-esp\/wp-json\/wp\/v2\/users\/1"}],"replies":[{"embeddable":true,"href":"https:\/\/www.exportapymes.com\/comercio-exterior-america-esp\/wp-json\/wp\/v2\/comments?post=1782"}],"version-history":[{"count":2,"href":"https:\/\/www.exportapymes.com\/comercio-exterior-america-esp\/wp-json\/wp\/v2\/posts\/1782\/revisions"}],"predecessor-version":[{"id":1784,"href":"https:\/\/www.exportapymes.com\/comercio-exterior-america-esp\/wp-json\/wp\/v2\/posts\/1782\/revisions\/1784"}],"wp:attachment":[{"href":"https:\/\/www.exportapymes.com\/comercio-exterior-america-esp\/wp-json\/wp\/v2\/media?parent=1782"}],"wp:term":[{"taxonomy":"category","embeddable":true,"href":"https:\/\/www.exportapymes.com\/comercio-exterior-america-esp\/wp-json\/wp\/v2\/categories?post=1782"},{"taxonomy":"post_tag","embeddable":true,"href":"https:\/\/www.exportapymes.com\/comercio-exterior-america-esp\/wp-json\/wp\/v2\/tags?post=1782"}],"curies":[{"name":"wp","href":"https:\/\/api.w.org\/{rel}","templated":true}]}}