{"id":1814,"date":"2009-04-07T16:36:26","date_gmt":"2009-04-07T23:36:26","guid":{"rendered":"http:\/\/www.exportapymes.com\/comercio-exterior-america-esp\/?p=1814"},"modified":"2009-04-07T16:36:26","modified_gmt":"2009-04-07T23:36:26","slug":"plan-de-apoyo-a-la-internacionalizacion-de-la-empresa-espanola","status":"publish","type":"post","link":"https:\/\/www.exportapymes.com\/comercio-exterior-america-esp\/plan-de-apoyo-a-la-internacionalizacion-de-la-empresa-espanola\/","title":{"rendered":"Plan de Apoyo a la Internacionalizaci\u00f3n de la Empresa Espa\u00f1ola"},"content":{"rendered":"<p><img loading=\"lazy\" decoding=\"async\" class=\"alignnone\" title=\"C\u00e1maras de Comercio de Espa\u00f1a\" src=\"http:\/\/www.exportapymes.com\/comercio-exterior-america-esp\/images\/internacionalizacion\/camaras.jpg\" alt=\"\" width=\"172\" height=\"55\" \/><br \/>\nLas<strong> empresas espa\u00f1olas<\/strong> est\u00e1n apostando en 2009 por consolidar mercados, concentrando sus esfuerzos en Europa, y por <strong>acceder a nuevos mercados de oportunidad<\/strong> que mantienen sus niveles de crecimiento o est\u00e1n teniendo un descenso menos significativo. Por ello, <strong>Europa se ha convertido en el destino preferente<\/strong> de las<strong> acciones de promoci\u00f3n del Plan de Apoyo a la Internacionalizaci\u00f3n<\/strong>, que realizan anualmente las <strong>C\u00e1maras de Comercio<\/strong>, junto a otros mercados con <strong>oportunidades<\/strong> en<br \/>\n<!--more--><br \/>\ndeterminados sectores o que presentan un descenso menos acusado de su demanda importadora.<\/p>\n<p>El <strong>Plan 2009<\/strong>, al que se dedicar\u00e1n 120 millones de euros, ha sido presentado hoy por el Director General del Consejo de C\u00e1maras, Eduardo Moreno, el Director del \u00c1rea Internacional, Emilio Carmona y el Director de Estrategia y <strong>Servicios de Internacionalizaci\u00f3n<\/strong>, Mario S\u00e1nchez.<\/p>\n<p>Seg\u00fan ha puesto de manifiesto el Director General del Consejo, Eduardo Moreno &#8220;es l\u00f3gico que en \u00e9pocas de crisis, las empresas se vuelvan m\u00e1s conservadoras y arriesguen menos, buscando mercados ya conocidos y que ofrecen m\u00e1s seguridad, junto con oportunidades concretas detectadas en determinados pa\u00edses para <strong>diversificar la exportaci\u00f3n y la inversi\u00f3n<\/strong>. Desde las C\u00e1maras, se est\u00e1 realizando adem\u00e1s una gran esfuerzo por atender este a\u00f1o, una mayor demanda empresarial de <strong>apoyos a la internacionalizaci\u00f3n<\/strong>.&#8221;<\/p>\n<p>En concreto, la Uni\u00f3n Europea absorbe este a\u00f1o el 43% de las actividades totales de promoci\u00f3n, frente al 28% del pasado a\u00f1o. A este porcentaje hay que sumar el 7% de las acciones dirigidas a la Europa no comunitaria, por lo que el continente europeo concentra este a\u00f1o la mitad de la promoci\u00f3n. En segundo lugar, por orden de preferencia, se sit\u00faa Iberoam\u00e9rica (9% Am\u00e9rica del Sur y 6% Centroam\u00e9rica), seguida muy de cerca por el continente africano, que absorbe el 13% del total de promoci\u00f3n. Por su parte Am\u00e9rica del Norte recibir\u00e1 el 10%, Asia un 7%, Oriente Medio un 4% y, por \u00faltimo se sit\u00faa Ocean\u00eda, con un 1%.<\/p>\n<p>El <strong>Plan de Apoyo a la Internacionalizaci\u00f3n<\/strong> cuenta este a\u00f1o con un presupuesto de 120 millones de euros. Esta cifra permitir\u00e1 a las C\u00e1maras organizar: 1.112 acciones de Promoci\u00f3n en los cinco continentes, crear 500 nuevas empresas exportadoras a trav\u00e9s del <strong>programa PIPE<\/strong>, introducir a 63 nuevas empresas en el Programa de Iniciaci\u00f3n a las Licitaciones Internacionales y desarrollar 700 actividades de Formaci\u00f3n, entre ellas 100 becas en el extranjero, 300 acciones de Informaci\u00f3n y 200 acciones de Turismo.<\/p>\n","protected":false},"excerpt":{"rendered":"<p>Las empresas espa\u00f1olas est\u00e1n apostando en 2009 por consolidar mercados, concentrando sus esfuerzos en Europa, y por acceder a nuevos mercados de oportunidad que mantienen sus niveles de crecimiento o est\u00e1n teniendo un descenso menos significativo. Por ello, Europa se<span class=\"ellipsis\">&hellip;<\/span><\/p>\n<div class=\"read-more\"><a href=\"https:\/\/www.exportapymes.com\/comercio-exterior-america-esp\/plan-de-apoyo-a-la-internacionalizacion-de-la-empresa-espanola\/\">Leer m&aacute;s &#8250;<\/a><\/div>\n<p><!-- end of .read-more --><\/p>\n","protected":false},"author":1,"featured_media":0,"comment_status":"open","ping_status":"open","sticky":false,"template":"","format":"standard","meta":{"footnotes":""},"categories":[30,22,24,32,25],"tags":[],"class_list":["post-1814","post","type-post","status-publish","format-standard","hentry","category-comercio-exterior","category-espana","category-exportacion","category-exportar","category-internacionalizacion"],"_links":{"self":[{"href":"https:\/\/www.exportapymes.com\/comercio-exterior-america-esp\/wp-json\/wp\/v2\/posts\/1814","targetHints":{"allow":["GET"]}}],"collection":[{"href":"https:\/\/www.exportapymes.com\/comercio-exterior-america-esp\/wp-json\/wp\/v2\/posts"}],"about":[{"href":"https:\/\/www.exportapymes.com\/comercio-exterior-america-esp\/wp-json\/wp\/v2\/types\/post"}],"author":[{"embeddable":true,"href":"https:\/\/www.exportapymes.com\/comercio-exterior-america-esp\/wp-json\/wp\/v2\/users\/1"}],"replies":[{"embeddable":true,"href":"https:\/\/www.exportapymes.com\/comercio-exterior-america-esp\/wp-json\/wp\/v2\/comments?post=1814"}],"version-history":[{"count":2,"href":"https:\/\/www.exportapymes.com\/comercio-exterior-america-esp\/wp-json\/wp\/v2\/posts\/1814\/revisions"}],"predecessor-version":[{"id":1816,"href":"https:\/\/www.exportapymes.com\/comercio-exterior-america-esp\/wp-json\/wp\/v2\/posts\/1814\/revisions\/1816"}],"wp:attachment":[{"href":"https:\/\/www.exportapymes.com\/comercio-exterior-america-esp\/wp-json\/wp\/v2\/media?parent=1814"}],"wp:term":[{"taxonomy":"category","embeddable":true,"href":"https:\/\/www.exportapymes.com\/comercio-exterior-america-esp\/wp-json\/wp\/v2\/categories?post=1814"},{"taxonomy":"post_tag","embeddable":true,"href":"https:\/\/www.exportapymes.com\/comercio-exterior-america-esp\/wp-json\/wp\/v2\/tags?post=1814"}],"curies":[{"name":"wp","href":"https:\/\/api.w.org\/{rel}","templated":true}]}}