{"id":1843,"date":"2009-04-20T13:47:43","date_gmt":"2009-04-20T20:47:43","guid":{"rendered":"http:\/\/www.exportapymes.com\/comercio-exterior-america-esp\/?p=1843"},"modified":"2009-04-20T13:47:43","modified_gmt":"2009-04-20T20:47:43","slug":"zaragoza-acogera-el-congreso-para-la-internacionalizacion-empresarial-exporta-2009","status":"publish","type":"post","link":"https:\/\/www.exportapymes.com\/comercio-exterior-america-esp\/zaragoza-acogera-el-congreso-para-la-internacionalizacion-empresarial-exporta-2009\/","title":{"rendered":"Zaragoza acoger\u00e1 el Congreso para la Internacionalizaci\u00f3n Empresarial EXPORTA 2009"},"content":{"rendered":"<p style=\"text-align: center;\"><img loading=\"lazy\" decoding=\"async\" class=\"aligncenter\" title=\"Congreso para la Internacionalizaci\u00f3n Empresarial EXPORTA 2009\" src=\"http:\/\/www.exportapymes.com\/comercio-exterior-america-esp\/images\/internacionalizacion\/exporta-2009.jpg\" alt=\"\" width=\"400\" height=\"88\" \/><\/p>\n<p><em><strong>Zaragoza &#8211; 17 y 18 de junio<\/strong><\/em><br \/>\nCon el reto de promover el debate y la reflexi\u00f3n sobre el proceso <strong>de internacionalizaci\u00f3n<\/strong> e i<strong>ncrementar la presencia exterior de las empresas espa\u00f1olas<\/strong>, el <strong>Congreso para la Internacionalizaci\u00f3n Empresarial EXPORTA 2009<\/strong> arrancar\u00e1 el pr\u00f3ximo d\u00eda <strong>17 de junio en Zaragoza<\/strong> bajo el lema: \u201c<strong>Ampliando la base exportadora: nuevas empresas, nuevos sectores, nuevos mercados<\/strong>\u201d, que se presentar\u00e1 en la jornada inaugural y que se ir\u00e1 desarrollando posteriormente en distintos<br \/>\n<!--more-->talleres y presentaciones que analizar\u00e1n sus distintos enfoques desde la perspectiva sectorial e institucional.<\/p>\n<p>Sin duda las <strong>empresas espa\u00f1olas<\/strong> tienen que afrontar, ahora m\u00e1s que nunca, el desaf\u00edo de salir a los mercados exteriores en un contexto en el que las econom\u00edas est\u00e1n cada vez m\u00e1s integradas y se hace necesario responder de manera global y competitiva. Por ello, <strong>EXPORTA 2009<\/strong> es una ocasi\u00f3n \u00fanica para conocer las oportunidades que ofrecen mercados y sectores con alto potencial de crecimiento.<\/p>\n<p>Tanto el <strong>Instituto Espa\u00f1ol de Comercio Exterior (ICEX)<\/strong> como <strong>Arag\u00f3n Exterior (AREX)<\/strong>, organizadores del Congreso, pondr\u00e1n a disposici\u00f3n de los asistentes el asesoramiento personalizado de m\u00e1s de 30 consejeros econ\u00f3micos y comerciales de las embajadas de Espa\u00f1a en el exterior, as\u00ed como de sus propios expertos, con la novedad de que este a\u00f1o algunas de estas entrevistas se realizar\u00e1n por videoconferencia.<\/p>\n<p>Los talleres y seminarios ser\u00e1n uno de los ejes esenciales de <strong>EXPORTA<\/strong>, m\u00e1s de treinta seminarios y mesas redondas se desarrollar\u00e1n en torno a tres aspectos clave: los <strong>nuevos sectores de exportaci\u00f3n<\/strong>, las estrategias en mercados de alto potencial y las iniciativas y programas institucionales de <strong>apoyo a la internacionalizaci\u00f3n<\/strong>.<\/p>\n<p>Este amplio programa formativo se completar\u00e1 con los denominados \u201ccaf\u00e9s y almuerzos con expertos\u201d, donde los asistentes tendr\u00e1n la oportunidad de encontrarse con los ponentes y expertos que han participado en los talleres, seminarios y mesas redondas y debatir con ellos en un ambiente m\u00e1s distendido.<\/p>\n<p><em>De la feria al congreso<\/em><br \/>\n<strong>EXPORTA<\/strong> naci\u00f3 hace diez a\u00f1os como una feria de <strong>servicios al exportador<\/strong>. En sus ediciones pares se celebra en Madrid y en las impares en las comunidades aut\u00f3nomas con mayor tradici\u00f3n exportadora. Tras pasar por Barcelona, Valencia, Bilbao y Sevilla, este a\u00f1o llega a Zaragoza, donde se organiza conjuntamente con la <strong>Comunidad Aut\u00f3noma de Arag\u00f3n<\/strong> a trav\u00e9s de <strong>AREX<\/strong>, como en anteriores ediciones se ha hecho con <strong>EXTENDA<\/strong> (Andaluc\u00eda), <strong>COPCA<\/strong> (Catalu\u00f1a); <strong>IVEX<\/strong> (Valencia) y <strong>SPRI<\/strong> (Pa\u00eds Vasco).<\/p>\n<p>En 2005, el formato feria de <strong>EXPORTA<\/strong> dio paso al perfil de congreso que en la edici\u00f3n de 2006 se consolid\u00f3 con un programa de actividades cuidadosamente estructurado para dar cabida a todas las instituciones y agentes implicados en los retos de la <strong>internacionalizaci\u00f3n de la empresa espa\u00f1ola<\/strong>.<\/p>\n<p>A lo largo de este tiempo, se ha consolidado como el principal foro de debate para los agentes econ\u00f3micos espa\u00f1oles -tanto p\u00fablicos como privados- sobre todos los aspectos implicados en la<strong> internacionalizaci\u00f3n empresarial<\/strong>.<br \/>\n<em>ORGANIZADORES<\/em>: <strong>Instituto Espa\u00f1ol de Comercio Exterior (ICEX) y Arag\u00f3n Exterior (AREX)<\/strong><br \/>\nSitio web de <strong>EXPORTA 2009<\/strong>: <a href=\"http:\/\/www.exporta2009.es\/\" target=\"_blank\">http:\/\/www.exporta2009.es\/<\/a><\/p>\n","protected":false},"excerpt":{"rendered":"<p>Zaragoza &#8211; 17 y 18 de junio Con el reto de promover el debate y la reflexi\u00f3n sobre el proceso de internacionalizaci\u00f3n e incrementar la presencia exterior de las empresas espa\u00f1olas, el Congreso para la Internacionalizaci\u00f3n Empresarial EXPORTA 2009 arrancar\u00e1<span class=\"ellipsis\">&hellip;<\/span><\/p>\n<div class=\"read-more\"><a href=\"https:\/\/www.exportapymes.com\/comercio-exterior-america-esp\/zaragoza-acogera-el-congreso-para-la-internacionalizacion-empresarial-exporta-2009\/\">Leer m&aacute;s &#8250;<\/a><\/div>\n<p><!-- end of .read-more --><\/p>\n","protected":false},"author":1,"featured_media":0,"comment_status":"open","ping_status":"open","sticky":false,"template":"","format":"standard","meta":{"footnotes":""},"categories":[28,30,22,58,24,35,32,37,38,25,27],"tags":[],"class_list":["post-1843","post","type-post","status-publish","format-standard","hentry","category-capacitacion","category-comercio-exterior","category-espana","category-exporta","category-exportacion","category-exportador","category-exportar","category-icex","category-instituto-espanol-de-comercio-exterior","category-internacionalizacion","category-pymes"],"_links":{"self":[{"href":"https:\/\/www.exportapymes.com\/comercio-exterior-america-esp\/wp-json\/wp\/v2\/posts\/1843","targetHints":{"allow":["GET"]}}],"collection":[{"href":"https:\/\/www.exportapymes.com\/comercio-exterior-america-esp\/wp-json\/wp\/v2\/posts"}],"about":[{"href":"https:\/\/www.exportapymes.com\/comercio-exterior-america-esp\/wp-json\/wp\/v2\/types\/post"}],"author":[{"embeddable":true,"href":"https:\/\/www.exportapymes.com\/comercio-exterior-america-esp\/wp-json\/wp\/v2\/users\/1"}],"replies":[{"embeddable":true,"href":"https:\/\/www.exportapymes.com\/comercio-exterior-america-esp\/wp-json\/wp\/v2\/comments?post=1843"}],"version-history":[{"count":2,"href":"https:\/\/www.exportapymes.com\/comercio-exterior-america-esp\/wp-json\/wp\/v2\/posts\/1843\/revisions"}],"predecessor-version":[{"id":1845,"href":"https:\/\/www.exportapymes.com\/comercio-exterior-america-esp\/wp-json\/wp\/v2\/posts\/1843\/revisions\/1845"}],"wp:attachment":[{"href":"https:\/\/www.exportapymes.com\/comercio-exterior-america-esp\/wp-json\/wp\/v2\/media?parent=1843"}],"wp:term":[{"taxonomy":"category","embeddable":true,"href":"https:\/\/www.exportapymes.com\/comercio-exterior-america-esp\/wp-json\/wp\/v2\/categories?post=1843"},{"taxonomy":"post_tag","embeddable":true,"href":"https:\/\/www.exportapymes.com\/comercio-exterior-america-esp\/wp-json\/wp\/v2\/tags?post=1843"}],"curies":[{"name":"wp","href":"https:\/\/api.w.org\/{rel}","templated":true}]}}