{"id":1853,"date":"2009-04-23T12:32:18","date_gmt":"2009-04-23T19:32:18","guid":{"rendered":"http:\/\/www.exportapymes.com\/comercio-exterior-america-esp\/?p=1853"},"modified":"2009-04-23T12:32:18","modified_gmt":"2009-04-23T19:32:18","slug":"xxv-congreso-latinoamericano-de-comercio-exterior-clace","status":"publish","type":"post","link":"https:\/\/www.exportapymes.com\/comercio-exterior-america-esp\/xxv-congreso-latinoamericano-de-comercio-exterior-clace\/","title":{"rendered":"XXV Congreso Latinoamericano de Comercio Exterior &#8211; CLACE"},"content":{"rendered":"<p style=\"text-align: center;\"><img loading=\"lazy\" decoding=\"async\" class=\"alignnone\" title=\"Congreso Latinoamericano de Comercio Exterior\" src=\"http:\/\/www.exportapymes.com\/comercio-exterior-america-esp\/images\/internacionalizacion\/clace-comercio-exterior.jpg\" alt=\"\" width=\"267\" height=\"150\" \/><\/p>\n<p>Organizado por la <strong>Federaci\u00f3n Latinoamericana de Bancos \u2013FELABAN<\/strong>&#8211; y el <strong>Comit\u00e9 Latinoamericano de Comercio Exterior \u2013CLACE<\/strong>-, se llevar\u00e1 a cabo en la ciudad de Guatemala, durante los d\u00edas <strong>3 al 5 de junio<\/strong> de 2.009 el<strong> XXV Congreso Latinoamericano de Comercio Exterior<\/strong>. Este evento reunir\u00e1 en Guatemala a banqueros procedentes de Am\u00e9rica Latina, Norteam\u00e9rica y<\/p>\n<p><!--more--> Europa, quienes tendr\u00e1n la oportunidad de conocer t\u00e9cnicas operativas, tendencias, reglamentaciones internacionales y dem\u00e1s asuntos relacionados con el desarrollo del <strong>Comercio Exterior<\/strong>.<\/p>\n<p>Asimismo, se constituye en una excelente oportunidad para la realizaci\u00f3n de reuniones de negocios, encaminadas al incremento de las relaciones entre las entidades financieras participantes.<\/p>\n<p>El <strong>Congreso CLACE<\/strong>, que este a\u00f1o llega a su vig\u00e9sima quinta versi\u00f3n, se ha consolidado como uno de los escenarios m\u00e1s calificados dentro del tema de <strong>Comercio Exterior<\/strong> y el sector financiero, en el \u00e1mbito latinoamericano.<\/p>\n<p style=\"text-align: center;\"><strong>XXV Congreso Latinoamericano de Comercio Exterior &#8211; CLACE<br \/>\nCiudad de Guatemala,  Junio 03, 04 y 05<\/strong><\/p>\n<p style=\"text-align: center;\">Programa<\/p>\n<p>Mi\u00e9rcoles 03 de junio<br \/>\n14:00 \u2013 18:00<br \/>\n Acreditaci\u00f3n de Participantes y entrega de Credenciales <\/p>\n<p>19:00 \u2013 21:00<br \/>\n C\u00f3ctel de Bienvenida <\/p>\n<p>Jueves 04 de junio<br \/>\n08:00 \u2013 08:30<br \/>\n Acreditaci\u00f3n de Participantes y entrega de Credenciales <\/p>\n<p>08:30 \u2013 09:15<br \/>\n Ceremonia de Inauguraci\u00f3n oficial del congreso<br \/>\nIng. Luis Fernando Samayoa, Presidente Asociaci\u00f3n Bancaria de Guatemala<br \/>\nDr. Ricardo Marino, Presidente de Felaban<br \/>\nEdgar Barqu\u00edn, Superintendente de Bancos<br \/>\nLicda. Mar\u00eda Antonieta del Cid de Bonilla, Presidenta Junta Monetaria y del Banco de Guatemala <\/p>\n<p>09:15 \u2013 11:00<br \/>\n  Primera Sesi\u00f3n:<br \/>\nTaller sobre la Interpretaci\u00f3n y Aplicaci\u00f3n de las Reglas 600- Cartas de Cr\u00e9dito con Defectos en su Emisi\u00f3n y sus Consecuencias.<br \/>\nCasos Pr\u00e1cticos basados en las Opiniones Oficiales de la Comisi\u00f3n de Pr\u00e1ctica Bancaria de la ICC.<br \/>\nConferencista: Sr. Gary Collyer. President of the ICC Commission <\/p>\n<p>11:00 \u2013 11:30<br \/>\n Coffee break<\/p>\n<p>11:30 &#8211;  13:00<br \/>\n Segunda Sesi\u00f3n.  Continuaci\u00f3n<br \/>\nTaller sobre la Interpretaci\u00f3n y Aplicaci\u00f3n de las Reglas 600- Cartas de Cr\u00e9dito con Defectos en su Emisi\u00f3n y sus Consecuencias. Parte II<br \/>\nCasos Pr\u00e1cticos basados en las Opiniones Oficiales de la Comisi\u00f3n de Pr\u00e1ctica Bancaria de la ICC.<br \/>\nConferencista: Sr. Gary Collyer. President of the ICC Commission <\/p>\n<p>13:00 \u2013 15:00<br \/>\n Almuerzo <\/p>\n<p>15:00 \u2013 17:00<br \/>\n Ruedas de Negocios <\/p>\n<p>Viernes 05 de junio<br \/>\n08:30 \u2013 11:00<br \/>\n Tercera Sesi\u00f3n:<br \/>\nTaller sobre la Interpretaci\u00f3n y Aplicaci\u00f3n de las Reglas 600- Cartas de Cr\u00e9dito con Defectos en su Emisi\u00f3n y sus Consecuencias.<br \/>\nCasos Pr\u00e1cticos basados en las Opiniones Oficiales de la Comisi\u00f3n de Pr\u00e1ctica Bancaria de la ICC.<br \/>\nConferencista: Sr. Gary Collyer.  President of the ICC Commission <\/p>\n<p>11:00 \u2013 11:30<br \/>\n Coffee Break <\/p>\n<p>11:30 \u2013 13:00<br \/>\n Mesa Redonda:  La tendencia en las nuevas Reglas Internacionales para Garant\u00edas a Primera Demanda de la  C\u00e1mara de Comercio Internacional-ICC, actualmente en revisi\u00f3n para ser adoptadas en 2009, bajo la referencia URDG758.<br \/>\nPanelistas invitados:<br \/>\nSr. Gary Collyer. President of the ICC Commission<br \/>\nSr. Jorge Riva, Representante Comisi\u00f3n de T\u00e9cnicas y Pr\u00e1cticas Bancarias de la CCI. Argentina\/FELABAN <\/p>\n<p>13:00 \u2013 13:40<br \/>\n Clausura del Congreso<br \/>\nConferencista invitado:<br \/>\nDr. Eugenio Alem\u00e1n, Economista representante de Bankers Association for Finance and Trade \u2013BAFT<br \/>\nSr. Daniel Gonz\u00e1lez Santiesteban, Presidente del CLACE   <\/p>\n<p>14:40 \u2013 17:30<br \/>\n Rueda de Negocios <\/p>\n<p><em>Informes,  FELABAN<\/em><br \/>\nPBX: (571) 621 5848<br \/>\nMercedes Angarita &#8211; <a href=\"mailto:mangarita@felaban.com\">mangarita@felaban.com<\/a><br \/>\nOlga Lucia Espinosa &#8211; <a href=\"mailto:oespinosa@felaban.com\">oespinosa@felaban.com<\/a><br \/>\nBogot\u00e1 \u2013 Colombia<\/p>\n","protected":false},"excerpt":{"rendered":"<p>Organizado por la Federaci\u00f3n Latinoamericana de Bancos \u2013FELABAN&#8211; y el Comit\u00e9 Latinoamericano de Comercio Exterior \u2013CLACE-, se llevar\u00e1 a cabo en la ciudad de Guatemala, durante los d\u00edas 3 al 5 de junio de 2.009 el XXV Congreso Latinoamericano de<span class=\"ellipsis\">&hellip;<\/span><\/p>\n<div class=\"read-more\"><a href=\"https:\/\/www.exportapymes.com\/comercio-exterior-america-esp\/xxv-congreso-latinoamericano-de-comercio-exterior-clace\/\">Leer m&aacute;s &#8250;<\/a><\/div>\n<p><!-- end of .read-more --><\/p>\n","protected":false},"author":1,"featured_media":0,"comment_status":"open","ping_status":"open","sticky":false,"template":"","format":"standard","meta":{"footnotes":""},"categories":[30,24,32,25],"tags":[],"class_list":["post-1853","post","type-post","status-publish","format-standard","hentry","category-comercio-exterior","category-exportacion","category-exportar","category-internacionalizacion"],"_links":{"self":[{"href":"https:\/\/www.exportapymes.com\/comercio-exterior-america-esp\/wp-json\/wp\/v2\/posts\/1853","targetHints":{"allow":["GET"]}}],"collection":[{"href":"https:\/\/www.exportapymes.com\/comercio-exterior-america-esp\/wp-json\/wp\/v2\/posts"}],"about":[{"href":"https:\/\/www.exportapymes.com\/comercio-exterior-america-esp\/wp-json\/wp\/v2\/types\/post"}],"author":[{"embeddable":true,"href":"https:\/\/www.exportapymes.com\/comercio-exterior-america-esp\/wp-json\/wp\/v2\/users\/1"}],"replies":[{"embeddable":true,"href":"https:\/\/www.exportapymes.com\/comercio-exterior-america-esp\/wp-json\/wp\/v2\/comments?post=1853"}],"version-history":[{"count":2,"href":"https:\/\/www.exportapymes.com\/comercio-exterior-america-esp\/wp-json\/wp\/v2\/posts\/1853\/revisions"}],"predecessor-version":[{"id":1855,"href":"https:\/\/www.exportapymes.com\/comercio-exterior-america-esp\/wp-json\/wp\/v2\/posts\/1853\/revisions\/1855"}],"wp:attachment":[{"href":"https:\/\/www.exportapymes.com\/comercio-exterior-america-esp\/wp-json\/wp\/v2\/media?parent=1853"}],"wp:term":[{"taxonomy":"category","embeddable":true,"href":"https:\/\/www.exportapymes.com\/comercio-exterior-america-esp\/wp-json\/wp\/v2\/categories?post=1853"},{"taxonomy":"post_tag","embeddable":true,"href":"https:\/\/www.exportapymes.com\/comercio-exterior-america-esp\/wp-json\/wp\/v2\/tags?post=1853"}],"curies":[{"name":"wp","href":"https:\/\/api.w.org\/{rel}","templated":true}]}}