{"id":1856,"date":"2009-04-23T14:02:44","date_gmt":"2009-04-23T21:02:44","guid":{"rendered":"http:\/\/www.exportapymes.com\/comercio-exterior-america-esp\/?p=1856"},"modified":"2009-04-23T14:02:44","modified_gmt":"2009-04-23T21:02:44","slug":"exportadores-de-joyas-peruanas-diversifican-oferta-para-enfrentar-la-crisis","status":"publish","type":"post","link":"https:\/\/www.exportapymes.com\/comercio-exterior-america-esp\/exportadores-de-joyas-peruanas-diversifican-oferta-para-enfrentar-la-crisis\/","title":{"rendered":"Exportadores de joyas peruanas diversifican oferta para enfrentar la crisis"},"content":{"rendered":"<p>La<strong> exportaci\u00f3n de joyer\u00eda<\/strong> sufri\u00f3 una <strong>contracci\u00f3n de 61.5%<\/strong> en el primer bimestre del a\u00f1o, inform\u00f3 la Gerencia de Manufactura de la <strong>Asociaci\u00f3n de Exportadores (ADEX)<\/strong>, sin embargo las empresas, en una muestra de reacci\u00f3n no solo diversificaron sus mercados, sino tambi\u00e9n las caracter\u00edsticas de las joyas, acorde a los tiempos de crisis e implementando otras acciones adicionales para no perjudicar su demanda.<br \/>\n<img loading=\"lazy\" decoding=\"async\" class=\"alignnone\" src=\"http:\/\/www.exportapymes.com\/comercio-exterior-america-esp\/images\/ban\/peru.jpg\" alt=\"\" width=\"100\" height=\"66\" \/><br \/>\n<!--more-->Seg\u00fan cifras del <strong>Sistema de Inteligencia Comercial ADEX DATATRADE<\/strong>, en el primer bimestre del a\u00f1o las<strong> exportaciones<\/strong> sumaron US$ 4.5 millones, nivel inferior a los US$ 11.6 millones de similar periodo del a\u00f1o pasado.<\/p>\n<p>Para Julio P\u00e9rez Alv\u00e1n, Director de <strong>Arin S.A<\/strong>., principal <strong>empresa exportadora<\/strong> del Per\u00fa y socia del gremio exportador, la ca\u00edda fue determinada por la mala situaci\u00f3n financiera de EE.UU., cuya poblaci\u00f3n ahora \u201cpiensa dos veces\u201d antes de comprar una joya de oro.<\/p>\n<p>Efectivamente, seg\u00fan cifras de ADEX, los env\u00edos al pa\u00eds del norte enfrentaron una contracci\u00f3n del orden del 67.1%, sumando pedidos por US$ 3.7 millones, lo que origin\u00f3 la ca\u00edda del monto total.<\/p>\n<p>\u201cActualmente estamos diversificando mercados y nuestra oferta; anteriormente produc\u00edamos joyer\u00eda de oro y plata, hoy los hacemos de \u2018oro con plata\u2019, resaltando en los dise\u00f1os el metal dorado, obviamente; los hacemos con la calidad de siempre, y con un menor precio; tambi\u00e9n estamos haciendo joyer\u00eda con un doble dise\u00f1o, aretes argollas, por ejemplo que en la parte delantera tienen un dise\u00f1o y uno diferente en la parte posterior\u201d, refiri\u00f3.<\/p>\n<p>Se\u00f1al\u00f3 que la demanda en EE.UU. de joyas hechas de \u2018oro con plata\u2019 origin\u00f3 que en ese pa\u00eds se forme una nueva categor\u00eda de joya llamada \u201cAuragenta\u201d, inclusive Arin S.A. ya inici\u00f3 los tr\u00e1mites para patentar el proceso de fabricaci\u00f3n de esas joyas.<\/p>\n<p>En lo que respecta a la diversificaci\u00f3n de mercados refiri\u00f3 que buscan revertir la alta concentraci\u00f3n de EE.UU. que en a\u00f1os anteriores superaba el 90%, por lo que ahora est\u00e1n exportando a Inglaterra, Alemania, Arabia Saudita, Venezuela y Bolivia. \u201cEl pr\u00f3ximo mes viajar\u00e9 a Espa\u00f1a para tratar con seis potenciales clientes\u201d, mencion\u00f3 P\u00e9rez Alv\u00e1n.<\/p>\n<p>Refiri\u00f3 asimismo que dentro de su plan de ampliaci\u00f3n tambi\u00e9n tiene previsto incursionar en el mercado interno mediante el lanzamiento de un cat\u00e1logo con joyas de exportaci\u00f3n cuatro veces al a\u00f1o y en fechas especiales como D\u00eda de la Madre y Navidad. Refiri\u00f3 que los modelos de joyas que tendr\u00e1 como marca \u2018Ditail\u2019 ser\u00e1n certificados por una empresa especializada que garantizar\u00e1 la calidad de los dise\u00f1os que en su mayor parte son exclusivos. \u201cQueremos que la plata sea reconocida en todo el mundo y en especial en el Per\u00fa, deseamos que nuestros consumidores obtengan un producto garantizado, novedoso, atractivo y a un buen precio\u201d, dijo.<\/p>\n<p>Otra de las acciones que implementar\u00e1 es la comercializaci\u00f3n de productos semielaborados como alambres, tubos, planchas, broches, y todo lo que usan los joyeros quienes de esa manera tendr\u00e1n la seguridad de su alta calidad. Adelant\u00f3 que para ello instalar\u00e1n tiendas en puntos estrat\u00e9gicos en algunos puntos de Lima y el interior del pa\u00eds en donde haya conglomerados joyeros.<\/p>\n<p>Manifest\u00f3 que dentro de la empresa, tambi\u00e9n se han realizado procesos de optimizaci\u00f3n a nivel de la productividad para un mejor uso de los materiales y el mejoramiento de los tiempos de fabricaci\u00f3n. \u201cTambi\u00e9n hemos hecho una labor con nuestro trabajadores para infundirles confianza y que sigan trabajando con la misma tenacidad de siempre\u201d, concluy\u00f3.<\/p>\n<p><em>A tomar en cuenta<\/em><br \/>\nPara dar oportunidad a los joyeros de informarse sobre las nuevas t\u00e9cnicas y tendencias de la joyer\u00eda mundial, ADEX, la C\u00e1mara de Comercio y Producci\u00f3n de Cajamarca, el CITE Koriwasi, Los Andes de Cajamarca, MINCETUR y la Sociedad Nacional de Industrias (S.N.I.) organizar\u00e1n el Primer Congreso Internacional de Joyer\u00eda entre el 27 y 29 de de abril pr\u00f3ximos, en Cajamarca.<\/p>\n<p>El primer cat\u00e1logo de l\u00ednea de joyas \u2018Ditail\u2019 est\u00e1 compuesto por 69 joyas para Damas, principalmente, pero tambi\u00e9n para caballeros y ni\u00f1as.<\/p>\n<p>Del 22 al 24 de abril, se realizar\u00e1n en las instalaciones del Cuartel General del Ej\u00e9rcito, en el distrito lime\u00f1o de San Borja Per\u00fa Moda y Per\u00fa Gift Show.<\/p>\n","protected":false},"excerpt":{"rendered":"<p>La exportaci\u00f3n de joyer\u00eda sufri\u00f3 una contracci\u00f3n de 61.5% en el primer bimestre del a\u00f1o, inform\u00f3 la Gerencia de Manufactura de la Asociaci\u00f3n de Exportadores (ADEX), sin embargo las empresas, en una muestra de reacci\u00f3n no solo diversificaron sus mercados,<span class=\"ellipsis\">&hellip;<\/span><\/p>\n<div class=\"read-more\"><a href=\"https:\/\/www.exportapymes.com\/comercio-exterior-america-esp\/exportadores-de-joyas-peruanas-diversifican-oferta-para-enfrentar-la-crisis\/\">Leer m&aacute;s &#8250;<\/a><\/div>\n<p><!-- end of .read-more --><\/p>\n","protected":false},"author":1,"featured_media":0,"comment_status":"open","ping_status":"open","sticky":false,"template":"","format":"standard","meta":{"footnotes":""},"categories":[30,24,35,32,17],"tags":[],"class_list":["post-1856","post","type-post","status-publish","format-standard","hentry","category-comercio-exterior","category-exportacion","category-exportador","category-exportar","category-peru"],"_links":{"self":[{"href":"https:\/\/www.exportapymes.com\/comercio-exterior-america-esp\/wp-json\/wp\/v2\/posts\/1856","targetHints":{"allow":["GET"]}}],"collection":[{"href":"https:\/\/www.exportapymes.com\/comercio-exterior-america-esp\/wp-json\/wp\/v2\/posts"}],"about":[{"href":"https:\/\/www.exportapymes.com\/comercio-exterior-america-esp\/wp-json\/wp\/v2\/types\/post"}],"author":[{"embeddable":true,"href":"https:\/\/www.exportapymes.com\/comercio-exterior-america-esp\/wp-json\/wp\/v2\/users\/1"}],"replies":[{"embeddable":true,"href":"https:\/\/www.exportapymes.com\/comercio-exterior-america-esp\/wp-json\/wp\/v2\/comments?post=1856"}],"version-history":[{"count":2,"href":"https:\/\/www.exportapymes.com\/comercio-exterior-america-esp\/wp-json\/wp\/v2\/posts\/1856\/revisions"}],"predecessor-version":[{"id":1858,"href":"https:\/\/www.exportapymes.com\/comercio-exterior-america-esp\/wp-json\/wp\/v2\/posts\/1856\/revisions\/1858"}],"wp:attachment":[{"href":"https:\/\/www.exportapymes.com\/comercio-exterior-america-esp\/wp-json\/wp\/v2\/media?parent=1856"}],"wp:term":[{"taxonomy":"category","embeddable":true,"href":"https:\/\/www.exportapymes.com\/comercio-exterior-america-esp\/wp-json\/wp\/v2\/categories?post=1856"},{"taxonomy":"post_tag","embeddable":true,"href":"https:\/\/www.exportapymes.com\/comercio-exterior-america-esp\/wp-json\/wp\/v2\/tags?post=1856"}],"curies":[{"name":"wp","href":"https:\/\/api.w.org\/{rel}","templated":true}]}}