{"id":1915,"date":"2009-06-17T10:11:31","date_gmt":"2009-06-17T17:11:31","guid":{"rendered":"http:\/\/www.exportapymes.com\/comercio-exterior-america-esp\/?p=1915"},"modified":"2009-06-17T20:15:20","modified_gmt":"2009-06-18T03:15:20","slug":"exporta-2009-comienza-hoy-en-zaragoza","status":"publish","type":"post","link":"https:\/\/www.exportapymes.com\/comercio-exterior-america-esp\/exporta-2009-comienza-hoy-en-zaragoza\/","title":{"rendered":"Exporta 2009 comienza hoy en Zaragoza"},"content":{"rendered":"<p><strong><img loading=\"lazy\" decoding=\"async\" class=\"alignnone\" title=\"Congreso para la Internacionalizaci\u00f3n Empresarial - Exporta\" src=\"http:\/\/www.exportapymes.com\/comercio-exterior-america-esp\/images\/internacionalizacion\/exporta-09.jpg\" alt=\"\" width=\"135\" height=\"68\" \/><br \/>\nExporta 2009<\/strong>, el <strong>Congreso para la Internacionalizaci\u00f3n Empresarial,<\/strong> reunir\u00e1 hoy y ma\u00f1ana en el Palacio de Exposiciones y Congresos de <strong>Zaragoza<\/strong>, a m\u00e1s de 1.500 participantes bajo el lema \u201c<strong>Ampliando la base exportadora<\/strong>: <strong>Nuevas empresas, nuevos sectores, nuevos mercados<\/strong>\u201d, para analizar el momento por el que pasa la <strong>exportaci\u00f3n<\/strong> y la <strong>internacionalizaci\u00f3n de las empresas espa\u00f1olas<\/strong> y, sobre todo, definir las l\u00edneas de actuaci\u00f3n para los pr\u00f3ximos a\u00f1os.<br \/>\n<!--more--><\/p>\n<p>Estos tres vectores marcan el cambio hacia un nuevo modelo de comercio exterior en Espa\u00f1a, m\u00e1s equilibrado, competitivo y generador de crecimiento econ\u00f3mico sostenible.<\/p>\n<p>Tal y como apunt\u00f3 el vicepresidente ejecutivo del <strong>ICEX<\/strong>, <strong>\u00c1ngel Mart\u00edn Acebes<\/strong>, en la presentaci\u00f3n del evento, \u201cla dureza de la crisis que vivimos genera tambi\u00e9n oportunidades y nos ha abierto un momento hist\u00f3rico para apostar por los sectores econ\u00f3micos en los que Espa\u00f1a es l\u00edder mundial, como las energ\u00edas renovables, la gesti\u00f3n del agua, las infraestructuras, la alta velocidad y hasta la tecnolog\u00eda m\u00e9dica\u201d. Y a\u00f1adi\u00f3 que \u201csi sabemos llegar a los mercados mundiales con el saber hacer que las empresas espa\u00f1olas han demostrado en esos \u00e1mbitos, podremos poner en marcha un nuevo patr\u00f3n exportador que facilite el desarrollo sostenible de la econom\u00eda\u201d.<\/p>\n<p>El encuentro, organizado por el <strong>Instituto Espa\u00f1ol de Comercio Exterior (ICEX) <\/strong>y <strong>Arag\u00f3n Exterior (AREX)<\/strong>, se estructurar\u00e1 en bloques tem\u00e1ticos en torno a m\u00e1s de 30 talleres y seminarios para poner al servicio de las empresas con vocaci\u00f3n internacional toda la experiencia, servicios y apoyos que existen para acceder a cualquier <strong>mercado del exterior<\/strong>.<\/p>\n<p>La sesi\u00f3n de apertura \u201c<strong>Los nuevos retos para la empresa global: nuevos sectores de exportaci\u00f3n, nuevos mercados<\/strong>\u201d, hilo conductor del Congreso, contar\u00e1 con la intervenci\u00f3n del profesor del IESE y experto en temas sobre la globalizaci\u00f3n, <strong>Pankaj Ghemawat<\/strong>, y con el economista espa\u00f1ol <strong>Emilio Ontiveros<\/strong>, adem\u00e1s de la secretaria de Estado de Comercio, <strong>Silvia Iranzo<\/strong>. Por la tarde se celebrar\u00e1 una sesi\u00f3n plenaria a la que asistir\u00e1n el ministro de Industria, Turismo y Comercio, Miguel Sebasti\u00e1n, y el presidente de la Comunidad Aut\u00f3noma de Arag\u00f3n, <strong>Marcelino Iglesias<\/strong>.<\/p>\n<p>Durante los dos d\u00edas del evento, expertos, profesionales y alrededor de 45 consejeros econ\u00f3micos y comerciales de las oficinas espa\u00f1olas en el exterior se dar\u00e1n cita en el <strong>Punto de Encuentro Internacional<\/strong> para compartir su conocimiento con los empresarios interesados en las diferentes cuestiones a tratar sobre <strong>internacionalizaci\u00f3n<\/strong> de la econom\u00eda y de las empresas.<\/p>\n<p><em>Saldo positivo aragon\u00e9s<\/em><br \/>\nLa elecci\u00f3n de la capital aragonesa como sede para la celebraci\u00f3n de <strong>Exporta 2009<\/strong> se debe a la gran capacidad exportadora de esta comunidad aut\u00f3noma que, pese al contexto econ\u00f3mico mundial, cerr\u00f3 el 2008 con un saldo positivo en su balanza comercial al alcanzar las exportaciones los 8.480,7 millones de euros frente a los 8.010,5 de las importaciones, destacando el incremento de un 8% del cap\u00edtulo exportador no automovil\u00edstico. Asimismo, en el primer trimestre del presente a\u00f1o, las ventas al exterior de Arag\u00f3n -1.575,7 millones de euros- siguen aventajando a las compras -1.337,1 millones de euros-.<\/p>\n<p>En este sentido, el consejero de Econom\u00eda, Hacienda y Empleo aragon\u00e9s <strong>Alberto Larraz<\/strong> y consejero del ICEX, al valorar la elecci\u00f3n de Zaragoza para la celebraci\u00f3n de esta cita profesional nacional, ha destacado \u201cla estrecha colaboraci\u00f3n que se mantiene con el ICEX en materia de internacionalizaci\u00f3n, la capacidad de la ciudad para organizar grandes eventos \u2013demostrada en la Expo- y, sobre todo, la gran tradici\u00f3n <strong>exportadora aragonesa<\/strong>\u201d, como algunos de los factores que han llevado al Instituto a tomar la decisi\u00f3n de celebrar el Congreso en la ciudad.<br \/>\nM\u00e1s informacion en <a href=\"http:\/\/www.exporta2009.com\/icex\/cda\/controller\/pageExporta\/0,8551,5874601_6356370_4002176_0,00.html\" target=\"_blank\">Exporta 2009<\/a><\/p>\n","protected":false},"excerpt":{"rendered":"<p>Exporta 2009, el Congreso para la Internacionalizaci\u00f3n Empresarial, reunir\u00e1 hoy y ma\u00f1ana en el Palacio de Exposiciones y Congresos de Zaragoza, a m\u00e1s de 1.500 participantes bajo el lema \u201cAmpliando la base exportadora: Nuevas empresas, nuevos sectores, nuevos mercados\u201d, para<span class=\"ellipsis\">&hellip;<\/span><\/p>\n<div class=\"read-more\"><a href=\"https:\/\/www.exportapymes.com\/comercio-exterior-america-esp\/exporta-2009-comienza-hoy-en-zaragoza\/\">Leer m&aacute;s &#8250;<\/a><\/div>\n<p><!-- end of .read-more --><\/p>\n","protected":false},"author":1,"featured_media":0,"comment_status":"open","ping_status":"open","sticky":false,"template":"","format":"standard","meta":{"footnotes":""},"categories":[30,22,58,24,35,37,38,25],"tags":[],"class_list":["post-1915","post","type-post","status-publish","format-standard","hentry","category-comercio-exterior","category-espana","category-exporta","category-exportacion","category-exportador","category-icex","category-instituto-espanol-de-comercio-exterior","category-internacionalizacion"],"_links":{"self":[{"href":"https:\/\/www.exportapymes.com\/comercio-exterior-america-esp\/wp-json\/wp\/v2\/posts\/1915","targetHints":{"allow":["GET"]}}],"collection":[{"href":"https:\/\/www.exportapymes.com\/comercio-exterior-america-esp\/wp-json\/wp\/v2\/posts"}],"about":[{"href":"https:\/\/www.exportapymes.com\/comercio-exterior-america-esp\/wp-json\/wp\/v2\/types\/post"}],"author":[{"embeddable":true,"href":"https:\/\/www.exportapymes.com\/comercio-exterior-america-esp\/wp-json\/wp\/v2\/users\/1"}],"replies":[{"embeddable":true,"href":"https:\/\/www.exportapymes.com\/comercio-exterior-america-esp\/wp-json\/wp\/v2\/comments?post=1915"}],"version-history":[{"count":0,"href":"https:\/\/www.exportapymes.com\/comercio-exterior-america-esp\/wp-json\/wp\/v2\/posts\/1915\/revisions"}],"wp:attachment":[{"href":"https:\/\/www.exportapymes.com\/comercio-exterior-america-esp\/wp-json\/wp\/v2\/media?parent=1915"}],"wp:term":[{"taxonomy":"category","embeddable":true,"href":"https:\/\/www.exportapymes.com\/comercio-exterior-america-esp\/wp-json\/wp\/v2\/categories?post=1915"},{"taxonomy":"post_tag","embeddable":true,"href":"https:\/\/www.exportapymes.com\/comercio-exterior-america-esp\/wp-json\/wp\/v2\/tags?post=1915"}],"curies":[{"name":"wp","href":"https:\/\/api.w.org\/{rel}","templated":true}]}}