{"id":1965,"date":"2009-07-08T07:37:25","date_gmt":"2009-07-08T14:37:25","guid":{"rendered":"http:\/\/www.exportapymes.com\/comercio-exterior-america-esp\/?p=1965"},"modified":"2009-07-08T07:37:25","modified_gmt":"2009-07-08T14:37:25","slug":"mas-apoyo-a-la-internacionalizacion-de-las-pymes-espanolas","status":"publish","type":"post","link":"https:\/\/www.exportapymes.com\/comercio-exterior-america-esp\/mas-apoyo-a-la-internacionalizacion-de-las-pymes-espanolas\/","title":{"rendered":"M\u00e1s apoyo a la internacionalizaci\u00f3n de las PyMEs espa\u00f1olas"},"content":{"rendered":"<p>El incremento del n\u00famero de <strong>empresas exportadoras<\/strong> es clave para establecer un nuevo modelo equilibrado del <strong>comercio exterior<\/strong> que aporte m\u00e1s crecimiento al PIB. Las previsiones del Gobierno es <strong>aumentar <\/strong>el censo espa\u00f1ol de <strong>exportadores<\/strong> regulares en unas <strong>5.000 empresas<\/strong> en esta legislatura.<br \/>\n<img loading=\"lazy\" decoding=\"async\" class=\"alignnone\" src=\"http:\/\/www.exportapymes.com\/comercio-exterior-america-esp\/images\/ban\/spain.jpg\" alt=\"\" width=\"100\" height=\"66\" \/>   Las empresas del <strong>programa de Iniciaci\u00f3n a la Exportaci\u00f3n (PIPE),<\/strong> aumentaron un 30% en 2008 y el <strong>Congreso Exporta<\/strong> ha duplicado la presencia de <strong>PyMEs <\/strong>este a\u00f1o. Para que la ampliaci\u00f3n de la <strong>base exportadora<\/strong> sea una realidad, una<br \/>\n<!--more--><br \/>\nde las claves que todos los asistentes al Consejo se marcaron fue la cooperaci\u00f3n y la coordinaci\u00f3n en sus acciones a todos los niveles.<\/p>\n<p>La secretaria de Estado de Comercio, Silvia Iranzo, ha participado hoy en el <strong>Consejo Interterritorial de Internacionalizaci\u00f3n (CII)<\/strong>, un \u00f3rgano que aglutina a todos los organismos de promoci\u00f3n exterior de las Comunidades Aut\u00f3nomas, las C\u00e1maras de Comercio, la CEOE, el ICEX, Invest in Spain y el Gobierno para coordinar y analizar la internacionalizaci\u00f3n de las <strong>empresas espa\u00f1olas<\/strong>.<\/p>\n<p>Todos los responsables del sector exterior espa\u00f1ol convocados a la Sesi\u00f3n Plenaria de este Consejo han acordado promover la <strong>internacionalizaci\u00f3n de las empresas espa\u00f1olas<\/strong>  como uno de los grandes soportes de la econom\u00eda para afrontar la crisis. Nos encontramos ante una oportunidad hist\u00f3rica para construir un sector exterior m\u00e1s equilibrado y que mejore su aportaci\u00f3n al crecimiento del PIB.  El Gobierno calcula que el sector exterior aportar\u00e1 dos puntos al PIB este a\u00f1o, con lo que se consolidar\u00eda un modelo econ\u00f3mico m\u00e1s abierto al exterior, pero sin los desequilibrios de otros a\u00f1os.<\/p>\n<p>La reuni\u00f3n del <strong>CII<\/strong> ha sido organizada por el Ministerio de Industria, Turismo y  Comercio a trav\u00e9s del <strong>ICEX <\/strong>y <strong>ACC10<\/strong>, organismo de <strong>promoci\u00f3n del comercio exterior de la Generalitat de Catalu\u00f1a<\/strong>.<\/p>\n<p><em>Algunos datos apuntan a la recuperaci\u00f3n del sector exterior<\/em><br \/>\nDurante el encuentro se han expuesto algunos datos que inducen al optimismo. Por ejemplo, el d\u00e9ficit por cuenta corriente se ha reducido un 50% en lo que va de a\u00f1o y todo apunta a que el <strong>comercio exterior<\/strong> y, m\u00e1s concretamente, las exportaciones, ofrecer\u00e1n mejores datos comparados en los segundos seis meses de 2009.<\/p>\n<p>La previsi\u00f3n del Gobierno es aumentar el censo espa\u00f1ol de exportadores regulares (los que realizan ventas al exterior durante cuatro a\u00f1os seguidos) en unas 5.000 empresas en esta legislatura. S\u00f3lo en el <strong>programa de Iniciaci\u00f3n a Exportaci\u00f3n (Plan PIPE)<\/strong>, que se desarrolla de acuerdo con las C\u00e1maras de Comercio y los \u00f3rganos de promoci\u00f3n exterior auton\u00f3micos, se generaron en 2008 m\u00e1s de 780 nuevos exportadores, lo que supone un incremento del 30% a pesar de la mala coyuntura mundial.<\/p>\n<p>Esa es una prueba de que las <strong>PyMEs<\/strong> espa\u00f1olas est\u00e1n apostando cada vez m\u00e1s por los mercados mundiales para compensar el freno de la demanda interna y mejorar su competitividad internacional de cara a la recuperaci\u00f3n econ\u00f3mica. Muestra de ello fue el pasado <strong>Congreso EXPORTA<\/strong> celebrado en Zaragoza, donde se inscribieron cerca de mil <strong>PyMEs<\/strong>, el doble que en el certamen de dos a\u00f1os antes.<\/p>\n<p><em>Coordinaci\u00f3n a todos los niveles<\/em><br \/>\nPara que la ampliaci\u00f3n de la base exportadora sea una realidad, una de las claves que todos los asistentes al Consejo se marcaron fue la cooperaci\u00f3n y la coordinaci\u00f3n en sus acciones a todos los niveles. Es necesario que las instituciones p\u00fablicas y el sector privado planifiquen sus iniciativas de la manera m\u00e1s eficaz posible, para que no falte <strong>apoyo a las<\/strong> <strong>PyMEs<\/strong> con vocaci\u00f3n exportadora.<\/p>\n<p>El Consejo Interterritorial analiz\u00f3 el ejemplo del Plan Agroalimentario de China en 2008 como una de las experiencias en las que la coordinaci\u00f3n de todos los \u00f3rganos de promoci\u00f3n exterior ha dado mejores resultados. El compromiso es extender estas acciones a otros pa\u00edses.<\/p>\n<p>Otra ocasi\u00f3n para demostrar esa coordinaci\u00f3n institucional y empresarial ser\u00e1 la Feria CISMEF, el mayor encuentro multisectorial de <strong>PyMEs<\/strong> que se celebrar\u00e1 en China del 22 al 25 de septiembre pr\u00f3ximo. Espa\u00f1a es el pa\u00eds invitado a este encuentro mundial al que ya han confirmado su asistencia unas 200 empresas e instituciones espa\u00f1olas.<\/p>\n","protected":false},"excerpt":{"rendered":"<p>El incremento del n\u00famero de empresas exportadoras es clave para establecer un nuevo modelo equilibrado del comercio exterior que aporte m\u00e1s crecimiento al PIB. Las previsiones del Gobierno es aumentar el censo espa\u00f1ol de exportadores regulares en unas 5.000 empresas<span class=\"ellipsis\">&hellip;<\/span><\/p>\n<div class=\"read-more\"><a href=\"https:\/\/www.exportapymes.com\/comercio-exterior-america-esp\/mas-apoyo-a-la-internacionalizacion-de-las-pymes-espanolas\/\">Leer m&aacute;s &#8250;<\/a><\/div>\n<p><!-- end of .read-more --><\/p>\n","protected":false},"author":1,"featured_media":0,"comment_status":"open","ping_status":"open","sticky":false,"template":"","format":"standard","meta":{"footnotes":""},"categories":[73,30,22,58,24,37,38,25,27],"tags":[],"class_list":["post-1965","post","type-post","status-publish","format-standard","hentry","category-acc1o","category-comercio-exterior","category-espana","category-exporta","category-exportacion","category-icex","category-instituto-espanol-de-comercio-exterior","category-internacionalizacion","category-pymes"],"_links":{"self":[{"href":"https:\/\/www.exportapymes.com\/comercio-exterior-america-esp\/wp-json\/wp\/v2\/posts\/1965","targetHints":{"allow":["GET"]}}],"collection":[{"href":"https:\/\/www.exportapymes.com\/comercio-exterior-america-esp\/wp-json\/wp\/v2\/posts"}],"about":[{"href":"https:\/\/www.exportapymes.com\/comercio-exterior-america-esp\/wp-json\/wp\/v2\/types\/post"}],"author":[{"embeddable":true,"href":"https:\/\/www.exportapymes.com\/comercio-exterior-america-esp\/wp-json\/wp\/v2\/users\/1"}],"replies":[{"embeddable":true,"href":"https:\/\/www.exportapymes.com\/comercio-exterior-america-esp\/wp-json\/wp\/v2\/comments?post=1965"}],"version-history":[{"count":1,"href":"https:\/\/www.exportapymes.com\/comercio-exterior-america-esp\/wp-json\/wp\/v2\/posts\/1965\/revisions"}],"predecessor-version":[{"id":1966,"href":"https:\/\/www.exportapymes.com\/comercio-exterior-america-esp\/wp-json\/wp\/v2\/posts\/1965\/revisions\/1966"}],"wp:attachment":[{"href":"https:\/\/www.exportapymes.com\/comercio-exterior-america-esp\/wp-json\/wp\/v2\/media?parent=1965"}],"wp:term":[{"taxonomy":"category","embeddable":true,"href":"https:\/\/www.exportapymes.com\/comercio-exterior-america-esp\/wp-json\/wp\/v2\/categories?post=1965"},{"taxonomy":"post_tag","embeddable":true,"href":"https:\/\/www.exportapymes.com\/comercio-exterior-america-esp\/wp-json\/wp\/v2\/tags?post=1965"}],"curies":[{"name":"wp","href":"https:\/\/api.w.org\/{rel}","templated":true}]}}