{"id":2052,"date":"2009-09-23T06:18:01","date_gmt":"2009-09-23T13:18:01","guid":{"rendered":"http:\/\/www.exportapymes.com\/comercio-exterior-america-esp\/?p=2052"},"modified":"2009-09-23T06:18:02","modified_gmt":"2009-09-23T13:18:02","slug":"seminario-procesos-de-exportacion-para-pymes-de-rd","status":"publish","type":"post","link":"https:\/\/www.exportapymes.com\/comercio-exterior-america-esp\/seminario-procesos-de-exportacion-para-pymes-de-rd\/","title":{"rendered":"Seminario &#8220;Procesos de Exportaci\u00f3n&#8221; para PyMEs de RD"},"content":{"rendered":"<p><em><img loading=\"lazy\" decoding=\"async\" class=\"alignnone\" src=\"http:\/\/www.exportapymes.com\/comercio-exterior-america-esp\/images\/dominicana-exporta-cei-rd.jpg\" alt=\"\" width=\"140\" height=\"64\" \/><br \/>\nSanto Domingo &#8211; Mi\u00e9rcoles 30 de Septiembre<br \/>\n<\/em>El <strong>Instituto del Comercio Exterior y la Innovaci\u00f3n Empresarial (I-CEi)<\/strong>, el <strong>Centro de Exportaci\u00f3n e Inversi\u00f3n de la Rep\u00fablica Dominicana (CEI-RD) <\/strong>y la <strong>Asociaci\u00f3n Dominicana de Exportadores (ADOEXPO) <\/strong>invitan a participar del <strong>Seminario &#8220;Procesos de Exportaci\u00f3n y sus Mecanismos de Aplicaci\u00f3n\u201d<\/strong>. Este seminario tiene como objetivo dar a conocer de manera concisa, r\u00e1pida y comprensible las<br \/>\n<!--more--><br \/>\nprincipales acciones que los empresarios deben tener en cuenta al momento de <strong>exportar sus productos<\/strong>.<\/p>\n<p>El mismo ser\u00e1 impartido en horario de 8:30 AM \/ 1:00 PM. <\/p>\n<p>Lugar: Sal\u00f3n Capacitaci\u00f3n ICEi (CEI-RD), Santo Domingo <\/p>\n<p>Tel\u00e9fonos: (829) 946-4234 ext. 237 Albania Acevedo ICEi; (809) 567-6779 Gisselle Martinez , Adoexpo<\/p>\n<p>Correo el\u00e9ctronico: <a href=\"mailto:albania.acevedo@cei-rd.gov.do\">albania.acevedo@cei-rd.gov.do<\/a>; Gisselle Martinez<\/p>\n","protected":false},"excerpt":{"rendered":"<p>Santo Domingo &#8211; Mi\u00e9rcoles 30 de Septiembre El Instituto del Comercio Exterior y la Innovaci\u00f3n Empresarial (I-CEi), el Centro de Exportaci\u00f3n e Inversi\u00f3n de la Rep\u00fablica Dominicana (CEI-RD) y la Asociaci\u00f3n Dominicana de Exportadores (ADOEXPO) invitan a participar del Seminario<span class=\"ellipsis\">&hellip;<\/span><\/p>\n<div class=\"read-more\"><a href=\"https:\/\/www.exportapymes.com\/comercio-exterior-america-esp\/seminario-procesos-de-exportacion-para-pymes-de-rd\/\">Leer m&aacute;s &#8250;<\/a><\/div>\n<p><!-- end of .read-more --><\/p>\n","protected":false},"author":1,"featured_media":0,"comment_status":"open","ping_status":"open","sticky":false,"template":"","format":"standard","meta":{"footnotes":""},"categories":[54,30,24,35,32,25,27,18],"tags":[],"class_list":["post-2052","post","type-post","status-publish","format-standard","hentry","category-cei-rd-centro-de-exportacion-e-inversion-de-la-republica-dominicana","category-comercio-exterior","category-exportacion","category-exportador","category-exportar","category-internacionalizacion","category-pymes","category-republica-dominicana"],"_links":{"self":[{"href":"https:\/\/www.exportapymes.com\/comercio-exterior-america-esp\/wp-json\/wp\/v2\/posts\/2052","targetHints":{"allow":["GET"]}}],"collection":[{"href":"https:\/\/www.exportapymes.com\/comercio-exterior-america-esp\/wp-json\/wp\/v2\/posts"}],"about":[{"href":"https:\/\/www.exportapymes.com\/comercio-exterior-america-esp\/wp-json\/wp\/v2\/types\/post"}],"author":[{"embeddable":true,"href":"https:\/\/www.exportapymes.com\/comercio-exterior-america-esp\/wp-json\/wp\/v2\/users\/1"}],"replies":[{"embeddable":true,"href":"https:\/\/www.exportapymes.com\/comercio-exterior-america-esp\/wp-json\/wp\/v2\/comments?post=2052"}],"version-history":[{"count":1,"href":"https:\/\/www.exportapymes.com\/comercio-exterior-america-esp\/wp-json\/wp\/v2\/posts\/2052\/revisions"}],"predecessor-version":[{"id":2053,"href":"https:\/\/www.exportapymes.com\/comercio-exterior-america-esp\/wp-json\/wp\/v2\/posts\/2052\/revisions\/2053"}],"wp:attachment":[{"href":"https:\/\/www.exportapymes.com\/comercio-exterior-america-esp\/wp-json\/wp\/v2\/media?parent=2052"}],"wp:term":[{"taxonomy":"category","embeddable":true,"href":"https:\/\/www.exportapymes.com\/comercio-exterior-america-esp\/wp-json\/wp\/v2\/categories?post=2052"},{"taxonomy":"post_tag","embeddable":true,"href":"https:\/\/www.exportapymes.com\/comercio-exterior-america-esp\/wp-json\/wp\/v2\/tags?post=2052"}],"curies":[{"name":"wp","href":"https:\/\/api.w.org\/{rel}","templated":true}]}}