{"id":2087,"date":"2009-10-27T14:15:29","date_gmt":"2009-10-27T21:15:29","guid":{"rendered":"http:\/\/www.exportapymes.com\/comercio-exterior-america-esp\/?p=2087"},"modified":"2009-10-27T14:15:29","modified_gmt":"2009-10-27T21:15:29","slug":"resultados-de-la-i-cumbre-de-internacionalizacion","status":"publish","type":"post","link":"https:\/\/www.exportapymes.com\/comercio-exterior-america-esp\/resultados-de-la-i-cumbre-de-internacionalizacion\/","title":{"rendered":"Resultados de la I Cumbre de Internacionalizaci\u00f3n"},"content":{"rendered":"<p><img loading=\"lazy\" decoding=\"async\" class=\"alignnone\" title=\"I cumbre de Internacionalizaci\u00f3n\" src=\"http:\/\/www.exportapymes.com\/comercio-exterior-america-esp\/images\/ban\/spain.jpg\" alt=\"\" width=\"100\" height=\"66\" \/><br \/>\nM\u00e1s de 600 representantes de empresas y administraciones p\u00fablicas acudieron a la <strong>I Cumbre de Internacionalizaci\u00f3n<\/strong> celebrada en Madrid, en la que las organizaciones empresariales han propuesto la firma de un gran Pacto de Estado por la Competitividad y han considerado que la <strong>internacionalizaci\u00f3n <\/strong>es el factor clave para la competitividad y para generar empleo sostenible, para lo cual plantearon cien medidas que trasladan a las instituciones.<br \/>\n<!--more--><br \/>\nEn este encuentro, estuvieron por parte de la C\u00e1mara de Comercio e Industria de Huesca su presidente, Manuel Rodr\u00edguez Chesa, el vicepresidente segundo, Francisco Lalanne, el secretario general, Ricardo Oliv\u00e1n, y la responsable del <strong>servicio de Internacionalizaci\u00f3n<\/strong>, Loreto Morlans.<\/p>\n<p>El presidente del <strong>Consejo de C\u00e1maras de Comercio<\/strong>, <strong>Javier G\u00f3mez-Navarro<\/strong>, en representaci\u00f3n de las <strong>C\u00e1maras<\/strong>, del <strong>Club de Exportadores e Inversores<\/strong> y de la Asociaci\u00f3n de Marcas Renombradas Espa\u00f1olas, hizo entrega al ministro de Industria, Turismo y Comercio, Miguel Sebasti\u00e1n, de un cat\u00e1logo de m\u00e1s de cien medidas para superar la actual crisis econ\u00f3mica y generar una econom\u00eda competitiva, situando en el eje de estas propuestas el impulso de la presencia internacional de las <strong>empresas espa\u00f1olas<\/strong> a trav\u00e9s de una mejora de la competitividad y una reorientaci\u00f3n de las pol\u00edticas de apoyo <strong>a la internacionalizaci\u00f3n<\/strong>.<\/p>\n<p>Javier G\u00f3mez-Navarro, ha se\u00f1alado, durante la <strong>I Cumbre de Internacionalizaci\u00f3n<\/strong> en la que tambi\u00e9n particip\u00f3 la secretaria de Estado de Comercio, Silvia Iranzo, que, &#8220;en un momento de escasez de recursos, es m\u00e1s necesario que nunca actuar con una mayor eficiencia. Por ello, las propuestas que hemos elaborado constituyen un cat\u00e1logo realista, necesario de abordar si queremos salir antes y mejor de la crisis, contando con empresas modernas, eficaces, competitivas, con mayor presencia internacional y capaces de generar empleo sostenible&#8221;.<\/p>\n<p>Por su parte, Jos\u00e9 Luis Bonet, presidente de la Asociaci\u00f3n de Marcas Renombradas Espa\u00f1olas y de Freixenet, hizo en su alocuci\u00f3n hincapi\u00e9 en que &#8220;el pretendido cambio del modelo productivo espa\u00f1ol llevar\u00e1 sin duda largo tiempo y debe afectar a todas las empresas, incluyendo a las de los sectores tradicionales, ya que muchas de estas empresas han demostrado su competitividad al apostar por la calidad, la innovaci\u00f3n, el dise\u00f1o y la marca, representando ejemplos de \u00e9xito internacional potencialmente extensibles al resto del tejido productivo espa\u00f1ol. En definitiva, se trata no s\u00f3lo de vender m\u00e1s o de vender algo distinto, sino de vender mejor. Por tanto, es importante apoyar el proceso de <strong>globalizaci\u00f3n de las marcas espa\u00f1olas<\/strong> y aprovechar as\u00ed su contribuci\u00f3n a la mejora de la imagen comercial del pa\u00eds&#8221;.<\/p>\n<p>En la misma l\u00ednea de sus predecesores en el uso de la palabra, Balbino Prieto, presidente del <strong>Club de Exportadores e Inversores Espa\u00f1oles<\/strong>, subray\u00f3 que &#8220;en el marco de una econom\u00eda abierta como la espa\u00f1ola, una decisi\u00f3n de competitividad es, sencillamente, una decisi\u00f3n de supervivencia, en tanto que una decisi\u00f3n de <strong>internacionalizaci\u00f3n<\/strong> es, simplemente, una decisi\u00f3n de crecimiento&#8221;. As\u00ed, Prieto destac\u00f3 que &#8220;una estrategia de crecimiento que supere la actual crisis pasa, de manera inevitable, por la <strong>internacionalizaci\u00f3n<\/strong>&#8220;.<\/p>\n<p>En nombre de los tres presidentes, el propio G\u00f3mez Navarro abund\u00f3 adem\u00e1s en que, &#8220;frente al pasado, en que ha sido la Administraci\u00f3n la que convocaba este tipo de cumbres, por primera vez son las propias empresas las que trasladan al Gobierno sus necesidades y proponen medidas concretas para mejorar el <strong>apoyo a la internacionalizaci\u00f3n<\/strong> y su competitividad de cara a salir de la crisis&#8221;.<\/p>\n<p>Las <strong>C\u00e1maras de Comercio<\/strong>, la <strong>Asociaci\u00f3n de Marcas Renombradas Espa\u00f1olas<\/strong> y el <strong>Club de Exportadores e Inversores<\/strong> aprovecharon la celebraci\u00f3n de la <strong>I Cumbre de Internacionalizaci\u00f3n<\/strong>, a la que asistieron m\u00e1s de 600 representantes de empresas y de las Administraciones P\u00fablicas, para proponer la firma de un Pacto de Estado por la Competitividad, al considerar que la salida de la crisis es una responsabilidad compartida de la Administraci\u00f3n, las empresas y la sociedad en su conjunto. Adem\u00e1s, anunciaron la creaci\u00f3n de un <strong>Comit\u00e9 Empresarial de Internacionalizaci\u00f3n<\/strong> para seguir el desarrollo de las medidas planteadas y hacer nuevas propuestas.<\/p>\n<p><strong><span style=\"text-decoration: underline;\">Propuestas de la I Cumbre de Internacionalizaci\u00f3n<\/span><\/strong><\/p>\n<p>Entre las m\u00e1s de cien medidas propuestas en esta <strong>I Cumbre de Internacionalizaci\u00f3n<\/strong>, detalladas en cinco ponencias y fruto de meses de trabajo entre representantes de empresas y expertos, destacan: <\/p>\n<p><em><strong>*  Marco Institucional de Apoyo a la Internacionalizaci\u00f3n:<\/strong><\/em><\/p>\n<p>&#8211; Aumentar la participaci\u00f3n de las empresas en el dise\u00f1o de <strong>pol\u00edticas y planes de internacionalizaci\u00f3n<\/strong>. <\/p>\n<p>&#8211; Establecer un modelo de colaboraci\u00f3n entre los distintos niveles y \u00e1mbitos de las Administraciones P\u00fablicas dedicadas a la <strong>internacionalizaci\u00f3n <\/strong>(ICEX, Comunidades Aut\u00f3nomas, C\u00e1maras de Comercio, Instituciones Financieras P\u00fablicas y Ministerio de Asuntos Exteriores). <\/p>\n<p>&#8211; Reforma y potenciaci\u00f3n del servicio exterior. <\/p>\n<p>&#8211; Sustituir el enfoque de pol\u00edticas sectoriales por el de empresas con capacidad competitiva. <\/p>\n<p>Alianza de las Administraciones P\u00fablicas con las empresas y marcas l\u00edderes para que act\u00faen como fuerzas tractoras. <\/p>\n<p>&#8211; Est\u00edmulo al aumento del tama\u00f1o medio de la empresa y a la <strong>cultura de la internacionalizaci\u00f3n<\/strong>. <\/p>\n<p><em><strong>* Recursos financieros para la internacionalizaci\u00f3n:<\/strong><\/em><\/p>\n<p>&#8211; Dotar al ICO de l\u00edneas adicionales para la financiaci\u00f3n de exportaciones, que compensen la falta de liquidez y financiaci\u00f3n. <\/p>\n<p>&#8211; Dotar a CESCE de un papel antic\u00edclico m\u00e1s activo para <strong>PYMES <\/strong>y ampliar los criterios de cobertura en la prefinanciaci\u00f3n de contratos. <\/p>\n<p>&#8211; La multiplicidad de actores (ICO, CESCE, Cofides, P4R..) exige un an\u00e1lisis del marco organizativo para garantizar una mejor complementariedad y coordinaci\u00f3n. <\/p>\n<p><em><strong>* Capital comercial (innovaci\u00f3n, marcas e imagen pa\u00eds):<\/strong><\/em><\/p>\n<p>\u00d8       Reforma y potenciaci\u00f3n de los <strong>planes de internacionalizaci\u00f3n de marcas espa\u00f1olas<\/strong>.<br \/>\n\u00d8       Creaci\u00f3n de un fondo de capital riesgo para el lanzamiento de marcas espa\u00f1oles o adquisici\u00f3n de marcas extranjeras.<br \/>\n\u00d8       Mejorar el tratamiento fiscal a la innovaci\u00f3n comercial, incluyendo cambios en la organizaci\u00f3n de la empresa o en las t\u00e9cnicas de mercadotecnia.<br \/>\n\u00d8       Potenciar la imagen pa\u00eds introduciendo incentivos fiscales al patrocinio del Made in\/by Spain y apalancamiento en personalidades espa\u00f1olas con prestigio en el exterior.<\/p>\n<p><em><strong>* Capital humano<\/strong><\/em><br \/>\n\u00a7         Fomentar la interacci\u00f3n entre el sistema de ense\u00f1anza superior y las empresas.<br \/>\n\u00a7         Medidas eficaces y urgentes en el aprendizaje de idiomas.<br \/>\n\u00a7         Implantar una formaci\u00f3n reglada de 3-4 a\u00f1os en <strong>comercio exterior<\/strong> (experiencia francesa).<br \/>\n\u00a7         Desarrollo de la Ley 2002 sobre Cualificaciones en la FP, en lo que respecta a los t\u00edtulos de <strong>comercio exterior<\/strong>.<br \/>\n\u00a7         Llevar a cabo una reordenaci\u00f3n y especializaci\u00f3n entre las instituciones p\u00fablicas que se ocupan de la <strong>formaci\u00f3n en internacionalizaci\u00f3n<\/strong> (Ceco, C\u00e1maras de Comercio, Agencias), introduciendo la valoraci\u00f3n de la calidad.<br \/>\n\u00a7         Dar un trato adecuado a la fiscalidad de los expatriados o crear mecanismos m\u00e1s \u00e1giles para la incorporaci\u00f3n de impatriados expertos.<\/p>\n<p><em><strong>* Mejora de la competitividad<\/strong><\/em><br \/>\n\u00b7         Medidas de est\u00edmulo que permitan un mayor aprovechamiento empresarial de las pol\u00edticas de innovaci\u00f3n<br \/>\n\u00b7         Reducir las cotizaciones sociales a cargo de las empresas para poder competir en condiciones similares con las de otros pa\u00edses.<br \/>\n\u00b7         Reforma del mercado de trabajo, flexibilizando e incentivando la prolongaci\u00f3n de la vida laboral en casos de alto nivel de experiencia.<br \/>\n\u00b7         Simplificaci\u00f3n de cargas burocr\u00e1ticas, que implican un coste diferencial para las empresas espa\u00f1olas respecto al as de otros pa\u00edses.<br \/>\n\u00b7         Defensa de la unidad de mercado.<br \/>\n\u00b7         Fomento de la cultura emprendedora.<\/p>\n","protected":false},"excerpt":{"rendered":"<p>M\u00e1s de 600 representantes de empresas y administraciones p\u00fablicas acudieron a la I Cumbre de Internacionalizaci\u00f3n celebrada en Madrid, en la que las organizaciones empresariales han propuesto la firma de un gran Pacto de Estado por la Competitividad y han<span class=\"ellipsis\">&hellip;<\/span><\/p>\n<div class=\"read-more\"><a href=\"https:\/\/www.exportapymes.com\/comercio-exterior-america-esp\/resultados-de-la-i-cumbre-de-internacionalizacion\/\">Leer m&aacute;s &#8250;<\/a><\/div>\n<p><!-- end of .read-more --><\/p>\n","protected":false},"author":1,"featured_media":0,"comment_status":"open","ping_status":"open","sticky":false,"template":"","format":"standard","meta":{"footnotes":""},"categories":[30,22,24,35,32,25,27],"tags":[],"class_list":["post-2087","post","type-post","status-publish","format-standard","hentry","category-comercio-exterior","category-espana","category-exportacion","category-exportador","category-exportar","category-internacionalizacion","category-pymes"],"_links":{"self":[{"href":"https:\/\/www.exportapymes.com\/comercio-exterior-america-esp\/wp-json\/wp\/v2\/posts\/2087","targetHints":{"allow":["GET"]}}],"collection":[{"href":"https:\/\/www.exportapymes.com\/comercio-exterior-america-esp\/wp-json\/wp\/v2\/posts"}],"about":[{"href":"https:\/\/www.exportapymes.com\/comercio-exterior-america-esp\/wp-json\/wp\/v2\/types\/post"}],"author":[{"embeddable":true,"href":"https:\/\/www.exportapymes.com\/comercio-exterior-america-esp\/wp-json\/wp\/v2\/users\/1"}],"replies":[{"embeddable":true,"href":"https:\/\/www.exportapymes.com\/comercio-exterior-america-esp\/wp-json\/wp\/v2\/comments?post=2087"}],"version-history":[{"count":2,"href":"https:\/\/www.exportapymes.com\/comercio-exterior-america-esp\/wp-json\/wp\/v2\/posts\/2087\/revisions"}],"predecessor-version":[{"id":2089,"href":"https:\/\/www.exportapymes.com\/comercio-exterior-america-esp\/wp-json\/wp\/v2\/posts\/2087\/revisions\/2089"}],"wp:attachment":[{"href":"https:\/\/www.exportapymes.com\/comercio-exterior-america-esp\/wp-json\/wp\/v2\/media?parent=2087"}],"wp:term":[{"taxonomy":"category","embeddable":true,"href":"https:\/\/www.exportapymes.com\/comercio-exterior-america-esp\/wp-json\/wp\/v2\/categories?post=2087"},{"taxonomy":"post_tag","embeddable":true,"href":"https:\/\/www.exportapymes.com\/comercio-exterior-america-esp\/wp-json\/wp\/v2\/tags?post=2087"}],"curies":[{"name":"wp","href":"https:\/\/api.w.org\/{rel}","templated":true}]}}