{"id":2095,"date":"2009-10-27T21:34:57","date_gmt":"2009-10-28T04:34:57","guid":{"rendered":"http:\/\/www.exportapymes.com\/comercio-exterior-america-esp\/?p=2095"},"modified":"2009-10-27T21:34:57","modified_gmt":"2009-10-28T04:34:57","slug":"seminario-para-exportadores-chilenos-de-alimentos-a-mexico","status":"publish","type":"post","link":"https:\/\/www.exportapymes.com\/comercio-exterior-america-esp\/seminario-para-exportadores-chilenos-de-alimentos-a-mexico\/","title":{"rendered":"Seminario para exportadores chilenos de alimentos a M\u00e9xico"},"content":{"rendered":"<p><img loading=\"lazy\" decoding=\"async\" class=\"alignnone\" src=\"http:\/\/www.exportapymes.com\/comercio-exterior-america-esp\/images\/ban\/chile.jpg\" alt=\"\" width=\"100\" height=\"66\" \/><br \/>\n<em>Santiago &#8211; 29 de octubre<\/em><br \/>\nCon el apoyo de <strong>ProChile<\/strong>, APA, ASPROCER, ASOEX, SOFOFA y <strong>ExporlacChile<\/strong>, la Consejer\u00eda Agr\u00edcola de Chile y ProChile M\u00e9xico convocan al seminario que se realizar\u00e1 el 29 de octubre del 2009 en el auditorio de la SOFOFA, Santiago.<br \/>\nEste seminario congrega la experiencia de 9 expertos mexicanos que representan a las diferentes autoridades encargadas de regular y fiscalizar el<br \/>\n<!--more--><br \/>\ningreso de los alimentos frescos y procesados a su territorio. Los asistentes podr\u00e1n escuchar sus presentaciones y presentar sus dudas e inquietudes de forma directa.<\/p>\n<p>El evento no tiene costo. Para reservar su lugar deber\u00e1 inscribirse en el siguiente enlace:<br \/>\n<a href=\"http:\/\/www.consejagri.gob.cl\/index.asp?_option_id=158&amp;_option_parent_id=0&amp;_option_level=0\" target=\"_blank\">http:\/\/www.consejagri.gob.cl\/index.asp?_option_id=158&amp;_option_parent_id=0&amp;_option_level=0<\/a><\/p>\n","protected":false},"excerpt":{"rendered":"<p>Santiago &#8211; 29 de octubre Con el apoyo de ProChile, APA, ASPROCER, ASOEX, SOFOFA y ExporlacChile, la Consejer\u00eda Agr\u00edcola de Chile y ProChile M\u00e9xico convocan al seminario que se realizar\u00e1 el 29 de octubre del 2009 en el auditorio de<span class=\"ellipsis\">&hellip;<\/span><\/p>\n<div class=\"read-more\"><a href=\"https:\/\/www.exportapymes.com\/comercio-exterior-america-esp\/seminario-para-exportadores-chilenos-de-alimentos-a-mexico\/\">Leer m&aacute;s &#8250;<\/a><\/div>\n<p><!-- end of .read-more --><\/p>\n","protected":false},"author":1,"featured_media":0,"comment_status":"open","ping_status":"open","sticky":false,"template":"","format":"standard","meta":{"footnotes":""},"categories":[4,30,24,35,13],"tags":[],"class_list":["post-2095","post","type-post","status-publish","format-standard","hentry","category-chile","category-comercio-exterior","category-exportacion","category-exportador","category-mexico"],"_links":{"self":[{"href":"https:\/\/www.exportapymes.com\/comercio-exterior-america-esp\/wp-json\/wp\/v2\/posts\/2095","targetHints":{"allow":["GET"]}}],"collection":[{"href":"https:\/\/www.exportapymes.com\/comercio-exterior-america-esp\/wp-json\/wp\/v2\/posts"}],"about":[{"href":"https:\/\/www.exportapymes.com\/comercio-exterior-america-esp\/wp-json\/wp\/v2\/types\/post"}],"author":[{"embeddable":true,"href":"https:\/\/www.exportapymes.com\/comercio-exterior-america-esp\/wp-json\/wp\/v2\/users\/1"}],"replies":[{"embeddable":true,"href":"https:\/\/www.exportapymes.com\/comercio-exterior-america-esp\/wp-json\/wp\/v2\/comments?post=2095"}],"version-history":[{"count":2,"href":"https:\/\/www.exportapymes.com\/comercio-exterior-america-esp\/wp-json\/wp\/v2\/posts\/2095\/revisions"}],"predecessor-version":[{"id":2097,"href":"https:\/\/www.exportapymes.com\/comercio-exterior-america-esp\/wp-json\/wp\/v2\/posts\/2095\/revisions\/2097"}],"wp:attachment":[{"href":"https:\/\/www.exportapymes.com\/comercio-exterior-america-esp\/wp-json\/wp\/v2\/media?parent=2095"}],"wp:term":[{"taxonomy":"category","embeddable":true,"href":"https:\/\/www.exportapymes.com\/comercio-exterior-america-esp\/wp-json\/wp\/v2\/categories?post=2095"},{"taxonomy":"post_tag","embeddable":true,"href":"https:\/\/www.exportapymes.com\/comercio-exterior-america-esp\/wp-json\/wp\/v2\/tags?post=2095"}],"curies":[{"name":"wp","href":"https:\/\/api.w.org\/{rel}","templated":true}]}}