{"id":210,"date":"2006-03-24T20:01:15","date_gmt":"2006-03-25T03:01:15","guid":{"rendered":"http:\/\/www.exportapymes.com\/comercio-exterior-america-esp\/el-plan-estrategico-nacional-exportador-de-peru-recibe-apoyo-economico-de-la-union-europea\/"},"modified":"2006-03-24T20:01:15","modified_gmt":"2006-03-25T03:01:15","slug":"el-plan-estrategico-nacional-exportador-de-peru-recibe-apoyo-economico-de-la-union-europea","status":"publish","type":"post","link":"https:\/\/www.exportapymes.com\/comercio-exterior-america-esp\/el-plan-estrategico-nacional-exportador-de-peru-recibe-apoyo-economico-de-la-union-europea\/","title":{"rendered":"El Plan Estrat\u00e9gico Nacional Exportador de Per\u00fa recibe apoyo econ\u00f3mico de la Uni\u00f3n Europea"},"content":{"rendered":"<p>El Ministro de <strong>Comercio Exterior y Turismo<\/strong>, Alfredo Ferrero destac\u00f3 que el <strong>crecimiento exportador peruano<\/strong> ha motivado que la Comisi\u00f3n de la Uni\u00f3n Europea apueste por el <strong>desarrollo del comercio exterior peruano<\/strong>  a trav\u00e9s de una donaci\u00f3n de 10 millones de euros para el Proyecto \u201c<strong>Apoyo al Plan Estrat\u00e9gico Nacional Exportador \u2013 PENX<\/strong>\u201d, que se ejecutar\u00e1 en los pr\u00f3ximos d\u00edas.<br \/>\n<img decoding=\"async\" src=\"http:\/\/www.exportapymes.com\/comercio-exterior-america-esp\/images\/ban\/peru.jpg\" \/><br \/>\n<!--more-->\u201cEste proyecto es una muestra que hay pa\u00edses en el mundo que apoyan al Per\u00fa y que est\u00e1n dando recursos para tratar de que el Per\u00fa <strong>mejore sus exportaciones<\/strong> y combata la pobreza. Este aporte de la UE nos va ayudar a implementar el <strong>PENX<\/strong>;  a <strong>difundir el TLC<\/strong> con la UE cuando sea el momento y esperemos que sea pronto; a avanzar en la descentralizaci\u00f3n productiva; a generar una <strong>cultura exportadora<\/strong> y a mejorar la competitividad del pa\u00eds\u201d, precis\u00f3.<\/p>\n<p>A\u00f1adi\u00f3 que este proyecto incrementar\u00e1 en los pr\u00f3ximos tres a\u00f1os los niveles de la <strong>competitividad exportadora<\/strong> y parte de sus recursos servir\u00e1n para <strong>fortalecer las capacidades negociados<\/strong> del Per\u00fa frente el TLC con la Uni\u00f3n Europea v\u00eda la Comunidad Andina.<\/p>\n<p>Mencion\u00f3 que en el marco del proyecto MINCETUR-UE se brindar\u00e1 asistencia t\u00e9cnica necesaria para la implementaci\u00f3n del \u201c<strong>Proyecto de Apoyo al PENX<\/strong>\u201d; se fomentar\u00e1 el \u00f3ptimo cumplimiento del <strong>Plan Maestro de Facilitaci\u00f3n de Comercio (PMFC)<\/strong> y de los Planes Operativos Sectoriales (POS) y los Planes Operativos de Productos (POP) Desarrollo de los <strong>Planes Estrat\u00e9gicos Regionales de Comercio (PERX)<\/strong>; se realizar\u00e1n <strong>seminarios de capacitaci\u00f3n<\/strong> y talleres vinculados a los objetivos del PENX; y se capacitar\u00e1  a los funcionarios gubernamentales para las<strong> negociaciones comerciales internacionales<\/strong>, particularmente el proceso de <strong>negociaci\u00f3n comercial CAN-UE<\/strong>.<\/p>\n<p><em>Cooperaci\u00f3n T\u00e9cnica<\/em><br \/>\nEl ministro Alfredo Ferrero dijo que uno de los logros de su Sector es haber pasado de cero d\u00f3lares en <strong>cooperaci\u00f3n t\u00e9cnica internacional<\/strong> -en materia de comercio internacional- a US$ 37 millones  en solo cuatro a\u00f1os de gesti\u00f3n. \u201cAgradezco el apoyo del BID, la Cooperaci\u00f3n  Suiza, AID, CAF, BM y UE y pido a otras agencias de cooperaci\u00f3n que tambi\u00e9n puedan apoyarnos en esta iniciativa de lograr integrar al Per\u00fa con el mundo, con los mercados m\u00e1s importantes, grandes y chiquitos, de forma que no tengamos frontera en el <strong>comercio exterior<\/strong>\u201d, indic\u00f3.<\/p>\n<p><em>Exportaciones<\/em><br \/>\nEl titular del MINCETUR inst\u00f3 a los empresarios y a los medios de comunicaci\u00f3n para que por el bien del pa\u00eds defiendan lo bueno que se ha logrado en este gobierno a fin de que la \u201clocomotora\u201d de las <strong>exportaciones<\/strong> no se detenga y los pobres del Per\u00fa tengan futuro diferente.<\/p>\n<p>\u201c<strong>Hemos crecido m\u00e1s de 100% en exportaciones<\/strong>. Este gobierno recibi\u00f3 en el 2001 las <strong>exportaciones<\/strong> en 6900 millones de d\u00f3lares  y en el 2005 llegamos a los US$ 17 mil millones. Sobre todo hay <strong>oferta exportable <\/strong>diversificada en las regiones con productos nuevos  y con <strong>m\u00e1s empresas exportadoras de peque\u00f1os y medianos empresarios<\/strong>. Todos tienen la <strong>oportunidad de ser exportadores<\/strong> directa o indirectamente, por eso las exportaciones son una oportunidad para que el Per\u00fa reduzca su \u00edndice de pobreza\u201d, puntualiz\u00f3.<\/p>\n<p>Agreg\u00f3 que por la coyuntura pol\u00edtica electoral ha descendido el ritmo de <strong>crecimiento de exportaciones<\/strong>. \u201cHay gente que tiene temor de que las reglas de juego puedan cambiar o que haya algunos problemas de gobernabilidad. Espero que el candidato que gane las elecciones construya sobre lo que ya se ha avanzado, mantenga lo bueno que se ha hecho y mejore lo que no est\u00e1 bien. No creo que haya pa\u00eds en el mundo que pueda sostenerse sin exportaciones y el Per\u00fa no va a ser la excepci\u00f3n, un mercado chico necesita de las exportaciones\u201d, manifest\u00f3.<\/p>\n<p><em>TLC con EE.UU.<\/em><br \/>\nEl ministro Alfredo Ferrero se\u00f1al\u00f3 que la poblaci\u00f3n necesita entender que el tratado es bueno para todos y que si bien hay algunos costos, estos son manejables y para eso se est\u00e1 compensando a los productos agr\u00edcolas sensibles.<\/p>\n<p>\u201cEl TLC no aumentar\u00e1 el precio de los productos de salud y hay tremendos beneficios para los productos agr\u00edcolas, para la madera de la selva y para la costa. Se nos abre un mercado inmenso y eso va a permitir que la producci\u00f3n peruana pueda seguir increment\u00e1ndose porque podemos exportar. Si no tuvi\u00e9ramos exportaciones la producci\u00f3n peruana no podr\u00eda crecer porque el mercado interno es muy peque\u00f1o\u201d, indic\u00f3.<\/p>\n<p>Agreg\u00f3 que el Per\u00fa necesita cambiar y que el TLC es parte del cambio que se necesita implementar en el pa\u00eds. \u201c<strong>Las exportaciones son una oportunidad para todos<\/strong>, con el canon minero, canon petrolero y las regal\u00edas podr\u00e1n invertir recursos en infraestructura y exportaciones\u201d, acot\u00f3.<\/p>\n<p>El ministro Alfredo Ferrero adelant\u00f3 que si no hay TLC el candidato que resulte presidente del Per\u00fa va tener serios problemas de gobernabilidad. \u201cSe le van a caer las exportaciones. Planteo que aquellos candidatos que est\u00e1n en contra del acuerdo se\u00f1alen  cu\u00e1l es la alternativa  a las fuentes de empleo que est\u00e1n planteando  porque si no hay exportaciones y no hay TLC va haber p\u00e9rdida de empleo. C\u00f3mo van a sustituir el empleo que se pierde. M\u00e1s que est\u00e9n a favor o en contra del TLC planteo que presenten propuestas. M\u00e1s dificultades  vamos a tener si no hay TLC\u201d, manifest\u00f3.<\/p>\n<p>A\u00f1adi\u00f3 que la firma del tratado es protocolar y que lo sustantivo es la ratificaci\u00f3n del acuerdo por el Congreso de la Rep\u00fablica. \u201cEso es lo que va a darle vigencia al acuerdo. En todos los casos en el que se ha firmado un TLC entre un pa\u00eds grande y un peque\u00f1o el que m\u00e1s se ha beneficiado es el peque\u00f1o\u201d, record\u00f3. RPP Noticias<\/p>\n","protected":false},"excerpt":{"rendered":"<p>El Ministro de Comercio Exterior y Turismo, Alfredo Ferrero destac\u00f3 que el crecimiento exportador peruano ha motivado que la Comisi\u00f3n de la Uni\u00f3n Europea apueste por el desarrollo del comercio exterior peruano a trav\u00e9s de una donaci\u00f3n de 10 millones<span class=\"ellipsis\">&hellip;<\/span><\/p>\n<div class=\"read-more\"><a href=\"https:\/\/www.exportapymes.com\/comercio-exterior-america-esp\/el-plan-estrategico-nacional-exportador-de-peru-recibe-apoyo-economico-de-la-union-europea\/\">Leer m&aacute;s &#8250;<\/a><\/div>\n<p><!-- end of .read-more --><\/p>\n","protected":false},"author":1,"featured_media":0,"comment_status":"open","ping_status":"open","sticky":false,"template":"","format":"standard","meta":{"footnotes":""},"categories":[17],"tags":[],"class_list":["post-210","post","type-post","status-publish","format-standard","hentry","category-peru"],"_links":{"self":[{"href":"https:\/\/www.exportapymes.com\/comercio-exterior-america-esp\/wp-json\/wp\/v2\/posts\/210","targetHints":{"allow":["GET"]}}],"collection":[{"href":"https:\/\/www.exportapymes.com\/comercio-exterior-america-esp\/wp-json\/wp\/v2\/posts"}],"about":[{"href":"https:\/\/www.exportapymes.com\/comercio-exterior-america-esp\/wp-json\/wp\/v2\/types\/post"}],"author":[{"embeddable":true,"href":"https:\/\/www.exportapymes.com\/comercio-exterior-america-esp\/wp-json\/wp\/v2\/users\/1"}],"replies":[{"embeddable":true,"href":"https:\/\/www.exportapymes.com\/comercio-exterior-america-esp\/wp-json\/wp\/v2\/comments?post=210"}],"version-history":[{"count":0,"href":"https:\/\/www.exportapymes.com\/comercio-exterior-america-esp\/wp-json\/wp\/v2\/posts\/210\/revisions"}],"wp:attachment":[{"href":"https:\/\/www.exportapymes.com\/comercio-exterior-america-esp\/wp-json\/wp\/v2\/media?parent=210"}],"wp:term":[{"taxonomy":"category","embeddable":true,"href":"https:\/\/www.exportapymes.com\/comercio-exterior-america-esp\/wp-json\/wp\/v2\/categories?post=210"},{"taxonomy":"post_tag","embeddable":true,"href":"https:\/\/www.exportapymes.com\/comercio-exterior-america-esp\/wp-json\/wp\/v2\/tags?post=210"}],"curies":[{"name":"wp","href":"https:\/\/api.w.org\/{rel}","templated":true}]}}