{"id":2160,"date":"2009-12-16T13:39:16","date_gmt":"2009-12-16T20:39:16","guid":{"rendered":"http:\/\/www.exportapymes.com\/comercio-exterior-america-esp\/?p=2160"},"modified":"2009-12-16T13:39:16","modified_gmt":"2009-12-16T20:39:16","slug":"taller-de-exportacion-para-mujeres-empresarias","status":"publish","type":"post","link":"https:\/\/www.exportapymes.com\/comercio-exterior-america-esp\/taller-de-exportacion-para-mujeres-empresarias\/","title":{"rendered":"Taller de Exportaci\u00f3n para Mujeres Empresarias"},"content":{"rendered":"<p><img loading=\"lazy\" decoding=\"async\" class=\"alignnone\" src=\"http:\/\/www.exportapymes.com\/comercio-exterior-america-esp\/images\/prochile.gif\" alt=\"\" width=\"149\" height=\"40\" \/><br \/>\n<em>Santiago &#8211; 18 de diciembre<\/em><br \/>\nOrganizado por <strong>ProChile,<\/strong> se realizar\u00e1 el viernes 18 de diciembre en el Sal\u00f3n O&#8217;Higgins del Edificio del Ministerio de Relaciones Exteriores, el <strong>Seminario Taller de Exportaci\u00f3n para Mujeres Empresarias<\/strong>. Este seminario abordar\u00e1 entre otros temas los <strong>pasos para exportar<\/strong>, Acuerdos Comerciales y TLC.<br \/>\n<!--more--><\/p>\n<p style=\"text-align: center;\">\n<strong>Taller de Exportaci\u00f3n para Mujeres Empresarias<\/strong><br \/>\nViernes 18 de diciembre &#8211; Teatinos 180, 2\u00b0 piso, Sal\u00f3n O&#8217;Higgins, Santiago  <\/p>\n<p><em>Programa:<\/em><\/p>\n<p>9:00 &#8211; 9:30   Acreditaci\u00f3n de participantes <\/p>\n<p>9:30 &#8211; 10:00   Palabras de bienvenida<br \/>\nSra. Alicia Frohmann S.<br \/>\nDirectora de ProChile<\/p>\n<p>10:00 &#8211; 10:30   \u201cUna Mirada Regional desde la Capital&#8221;<br \/>\n&#8211; Rol de la Regi\u00f3n Metropolitana<br \/>\n&#8211; Logros<br \/>\n&#8211; Desaf\u00edos futuros<br \/>\n&#8211; Visi\u00f3n de trabajo 2010<br \/>\nExpositor: Sr. Marco Zepeda F.<br \/>\nDirector, Direcci\u00f3n Regional Metropolitana<\/p>\n<p>10:30 &#8211; 10:45   Coffee Break<\/p>\n<p>10:45 &#8211; 11:30   \u201cExportar Paso a Paso&#8221;<br \/>\n&#8211; Acuerdo de compra<br \/>\n&#8211; Modalidades de venta<br \/>\n&#8211; Formas de pago<br \/>\n&#8211; Proceso de una exportaci\u00f3n<br \/>\n&#8211; Beneficios al sector exportador<br \/>\nExpositora: Sra. Adriana Garc\u00eda<br \/>\nEspecialista en Comercio Internacional<br \/>\nSubdepartamento Asistencia al Exportador<\/p>\n<p>11:30 &#8211; 12:00   &#8220;Acuerdos Comerciales y TLC&#8221;<br \/>\n&#8211; Acuerdos comerciales de Chile<br \/>\n&#8211; Acreditaci\u00f3n de origen de mercanc\u00edas exportadas<br \/>\n&#8211; Organismos certificadores de origen<br \/>\n&#8211; Encadenamientos productivos<br \/>\nExpositor: Sr. Patricio Caniulao M.<br \/>\nAsistente, Departamento Acceso a Mercados<\/p>\n<p>12:00 &#8211; 12:30   &#8220;Desarrollo de la Tem\u00e1tica del G\u00e9nero. Acciones 2010&#8221;<br \/>\nExpositora: Sra. Pilar Jim\u00e9nez A.<br \/>\nAsistente, Departamento Agropecuario<\/p>\n<p>12:30 &#8211; 13:00   &#8220;Coaching Empresarial&#8221;<br \/>\nQu\u00e9 es el Coaching Empresarial<br \/>\nCaracter\u00edsticas<br \/>\nBeneficios<br \/>\nMetodolog\u00eda<br \/>\nRequisitos para participar<br \/>\nExpositor: Sr. Paulo Bernal P.<br \/>\nAsistente, Departamento de Desarrollo Estrat\u00e9gico<\/p>\n<p>13:00 &#8211; 13:30   &#8220;Acceso a informaci\u00f3n on-line en los sitios web institucionales&#8221;<br \/>\n&#8211; Servicios Asistencia al Exportador<br \/>\n&#8211; Sitios web institucionales: ProChile y Direcon<br \/>\n&#8211; Instrumentos y Herramientas de ProChile<br \/>\nExpositora: Srta. Lorena Plaza M.<br \/>\nJefa, Subdepartamento de Asistencia al Exportador<\/p>\n<p>Inscripciones:<br \/>\n676 5700 &#8211; <a href=\"mailto:info@prochile.cl\">info@prochile.cl<\/a><\/p>\n","protected":false},"excerpt":{"rendered":"<p>Santiago &#8211; 18 de diciembre Organizado por ProChile, se realizar\u00e1 el viernes 18 de diciembre en el Sal\u00f3n O&#8217;Higgins del Edificio del Ministerio de Relaciones Exteriores, el Seminario Taller de Exportaci\u00f3n para Mujeres Empresarias. Este seminario abordar\u00e1 entre otros temas<span class=\"ellipsis\">&hellip;<\/span><\/p>\n<div class=\"read-more\"><a href=\"https:\/\/www.exportapymes.com\/comercio-exterior-america-esp\/taller-de-exportacion-para-mujeres-empresarias\/\">Leer m&aacute;s &#8250;<\/a><\/div>\n<p><!-- end of .read-more --><\/p>\n","protected":false},"author":1,"featured_media":0,"comment_status":"open","ping_status":"open","sticky":false,"template":"","format":"standard","meta":{"footnotes":""},"categories":[28,4,30,24,40],"tags":[],"class_list":["post-2160","post","type-post","status-publish","format-standard","hentry","category-capacitacion","category-chile","category-comercio-exterior","category-exportacion","category-prochile"],"_links":{"self":[{"href":"https:\/\/www.exportapymes.com\/comercio-exterior-america-esp\/wp-json\/wp\/v2\/posts\/2160","targetHints":{"allow":["GET"]}}],"collection":[{"href":"https:\/\/www.exportapymes.com\/comercio-exterior-america-esp\/wp-json\/wp\/v2\/posts"}],"about":[{"href":"https:\/\/www.exportapymes.com\/comercio-exterior-america-esp\/wp-json\/wp\/v2\/types\/post"}],"author":[{"embeddable":true,"href":"https:\/\/www.exportapymes.com\/comercio-exterior-america-esp\/wp-json\/wp\/v2\/users\/1"}],"replies":[{"embeddable":true,"href":"https:\/\/www.exportapymes.com\/comercio-exterior-america-esp\/wp-json\/wp\/v2\/comments?post=2160"}],"version-history":[{"count":1,"href":"https:\/\/www.exportapymes.com\/comercio-exterior-america-esp\/wp-json\/wp\/v2\/posts\/2160\/revisions"}],"predecessor-version":[{"id":2161,"href":"https:\/\/www.exportapymes.com\/comercio-exterior-america-esp\/wp-json\/wp\/v2\/posts\/2160\/revisions\/2161"}],"wp:attachment":[{"href":"https:\/\/www.exportapymes.com\/comercio-exterior-america-esp\/wp-json\/wp\/v2\/media?parent=2160"}],"wp:term":[{"taxonomy":"category","embeddable":true,"href":"https:\/\/www.exportapymes.com\/comercio-exterior-america-esp\/wp-json\/wp\/v2\/categories?post=2160"},{"taxonomy":"post_tag","embeddable":true,"href":"https:\/\/www.exportapymes.com\/comercio-exterior-america-esp\/wp-json\/wp\/v2\/tags?post=2160"}],"curies":[{"name":"wp","href":"https:\/\/api.w.org\/{rel}","templated":true}]}}