{"id":2165,"date":"2009-12-16T14:59:33","date_gmt":"2009-12-16T21:59:33","guid":{"rendered":"http:\/\/www.exportapymes.com\/comercio-exterior-america-esp\/?p=2165"},"modified":"2009-12-16T14:59:33","modified_gmt":"2009-12-16T21:59:33","slug":"rresultados-del-programa-pymexporta-de-prochile","status":"publish","type":"post","link":"https:\/\/www.exportapymes.com\/comercio-exterior-america-esp\/rresultados-del-programa-pymexporta-de-prochile\/","title":{"rendered":"Rresultados del Programa Pymexporta de ProChile"},"content":{"rendered":"<p><img loading=\"lazy\" decoding=\"async\" class=\"alignnone\" src=\"http:\/\/www.exportapymes.com\/comercio-exterior-america-esp\/images\/prochile.gif\" alt=\"\" width=\"149\" height=\"40\" \/><br \/>\nCon el anuncio de la instalaci\u00f3n permanente de una l\u00ednea de trabajo para apoyar la generaci\u00f3n de<strong> capacidad exportadora<\/strong> en el proceso de <strong>internacionalizaci\u00f3n de las peque\u00f1as y medianas empresas (PyMEs)<\/strong>, Alicia Frohmann, Directora de ProChile, encabez\u00f3 la reuni\u00f3n en que se entregaron los resultados del <strong>Programa Pymexporta<\/strong>.<br \/>\nEn la oportunidad, Secretario General de la CCS, Cristian Garc\u00eda-Huidobro, y el representante del BID en Chile, Jaime Sujoy, destacaron el aporte de un<br \/>\n<!--more--><\/p>\n<p> programa como<strong> Pymexporta<\/strong> que permiti\u00f3 no s\u00f3lo apoyar a un n\u00famero importante de pymes exportadoras, sino que sirvi\u00f3 tambi\u00e9n para probar una metodolog\u00eda de trabajo posible de replicar en otros pa\u00edses de la regi\u00f3n.<\/p>\n<p>Los empresarios Marcela Z\u00fa\u00f1iga, de Viveros Sunnyridge, y Carlos Torres, de Tecnolog\u00eda Integral, dieron a conocer sus experiencias exportadoras y la forma en que participaron en este programa  que se inici\u00f3 en 2005. En la oportunidad tambi\u00e9n se presentaron el video y el libro \u201cExperiencias Compartidas\u201d que muestran los aprendizajes de 15 empresas de distintas regiones que participaron en el proyecto.<\/p>\n<p>Frohmann destac\u00f3 que las experiencias dadas a conocer, \u201cno s\u00f3lo encarnan a las 102 beneficiarias de este programa, sino tambi\u00e9n a las m\u00e1s de 4.000 peque\u00f1as y medianas empresas exportadoras que dan rostro, vida y alma a los 20 Tratados de Libre Comercio que Chile ha suscrito con 56 pa\u00edses del mundo desde 1990 en adelante\u201d.<\/p>\n<p>Junto con la experiencia acumulada en otros programas de <strong>ProChile<\/strong> como Coaching y PIAC, <strong>Pymexporta 2010<\/strong> permitir\u00e1 que las <strong>peque\u00f1as y medianas empresas (PyMEs) con potencialidad exportadora<\/strong> sigan recibiendo apoyo en sus metas de <strong>internacionalizaci\u00f3n<\/strong>, particularmente las del \u00e1rea servicios e industria.<\/p>\n<p><em>Resultados desiguales<\/em><br \/>\n\u201cLas <strong>pymes <\/strong>son las empresas que mayor aporte hacen al empleo y a la descentralizaci\u00f3n\u201d, destac\u00f3 Alicia Frohmann  y, por tanto, constituyen el foco prioritario de las pol\u00edticas p\u00fablicas de fomento productivo. \u201cEn ellas se encuentran los mayores espacios para innovar, agregar valor y diversificar la producci\u00f3n nacional. Y es tambi\u00e9n el espacio donde hay mayor potencial para que la acci\u00f3n del Estado genere impactos significativos en la productividad y el crecimiento con equidad\u201d, agreg\u00f3.<\/p>\n<p>Mientras las <strong>PyMEx<\/strong> representan cerca del 60% del universo de <strong>empresas exportadoras en Chile<\/strong>, su contribuci\u00f3n al monto total exportado en productos no tradicionales bordea apenas el 10%, seg\u00fan cifras de 2008. De all\u00ed naci\u00f3 el <strong>Programa de Asistencia a las Peque\u00f1as y Medianas Empresas Exportadoras<\/strong> (<strong>PyMEx) <\/strong>para un mejor aprovechamiento de los acuerdos comerciales.<\/p>\n<p>Seg\u00fan estudios realizados por ProChile y otras entidades, las dificultades m\u00e1s comunes que enfrentan las <strong>PyMEx<\/strong> son la superaci\u00f3n de barreras para-arancelarias, las limitaciones para ajustar sus productos a las especificidades t\u00e9cnicas de la demanda internacional y los aspectos ligados a la comercializaci\u00f3n.<br \/>\nEstos problemas se transformaron en l\u00edneas de apoyo en el programa <strong>Pymexporta<\/strong>.<\/p>\n","protected":false},"excerpt":{"rendered":"<p>Con el anuncio de la instalaci\u00f3n permanente de una l\u00ednea de trabajo para apoyar la generaci\u00f3n de capacidad exportadora en el proceso de internacionalizaci\u00f3n de las peque\u00f1as y medianas empresas (PyMEs), Alicia Frohmann, Directora de ProChile, encabez\u00f3 la reuni\u00f3n en<span class=\"ellipsis\">&hellip;<\/span><\/p>\n<div class=\"read-more\"><a href=\"https:\/\/www.exportapymes.com\/comercio-exterior-america-esp\/rresultados-del-programa-pymexporta-de-prochile\/\">Leer m&aacute;s &#8250;<\/a><\/div>\n<p><!-- end of .read-more --><\/p>\n","protected":false},"author":1,"featured_media":0,"comment_status":"open","ping_status":"open","sticky":false,"template":"","format":"standard","meta":{"footnotes":""},"categories":[4,30,25,40,27,49],"tags":[],"class_list":["post-2165","post","type-post","status-publish","format-standard","hentry","category-chile","category-comercio-exterior","category-internacionalizacion","category-prochile","category-pymes","category-pymex"],"_links":{"self":[{"href":"https:\/\/www.exportapymes.com\/comercio-exterior-america-esp\/wp-json\/wp\/v2\/posts\/2165","targetHints":{"allow":["GET"]}}],"collection":[{"href":"https:\/\/www.exportapymes.com\/comercio-exterior-america-esp\/wp-json\/wp\/v2\/posts"}],"about":[{"href":"https:\/\/www.exportapymes.com\/comercio-exterior-america-esp\/wp-json\/wp\/v2\/types\/post"}],"author":[{"embeddable":true,"href":"https:\/\/www.exportapymes.com\/comercio-exterior-america-esp\/wp-json\/wp\/v2\/users\/1"}],"replies":[{"embeddable":true,"href":"https:\/\/www.exportapymes.com\/comercio-exterior-america-esp\/wp-json\/wp\/v2\/comments?post=2165"}],"version-history":[{"count":1,"href":"https:\/\/www.exportapymes.com\/comercio-exterior-america-esp\/wp-json\/wp\/v2\/posts\/2165\/revisions"}],"predecessor-version":[{"id":2166,"href":"https:\/\/www.exportapymes.com\/comercio-exterior-america-esp\/wp-json\/wp\/v2\/posts\/2165\/revisions\/2166"}],"wp:attachment":[{"href":"https:\/\/www.exportapymes.com\/comercio-exterior-america-esp\/wp-json\/wp\/v2\/media?parent=2165"}],"wp:term":[{"taxonomy":"category","embeddable":true,"href":"https:\/\/www.exportapymes.com\/comercio-exterior-america-esp\/wp-json\/wp\/v2\/categories?post=2165"},{"taxonomy":"post_tag","embeddable":true,"href":"https:\/\/www.exportapymes.com\/comercio-exterior-america-esp\/wp-json\/wp\/v2\/tags?post=2165"}],"curies":[{"name":"wp","href":"https:\/\/api.w.org\/{rel}","templated":true}]}}