{"id":2272,"date":"2010-06-25T16:15:44","date_gmt":"2010-06-25T23:15:44","guid":{"rendered":"http:\/\/www.exportapymes.com\/comercio-exterior-america-esp\/?p=2272"},"modified":"2010-06-25T16:15:44","modified_gmt":"2010-06-25T23:15:44","slug":"exportacion-de-servicios","status":"publish","type":"post","link":"https:\/\/www.exportapymes.com\/comercio-exterior-america-esp\/exportacion-de-servicios\/","title":{"rendered":"Exportaci\u00f3n de Servicios"},"content":{"rendered":"<p><em><img loading=\"lazy\" decoding=\"async\" class=\"alignnone\" src=\"http:\/\/www.exportapymes.com\/comercio-exterior-america-esp\/images\/icex.gif\" alt=\"\" width=\"60\" height=\"60\" \/><br \/>\n30 de junio &#8211; Santa Cruz de Tenerife<\/em><br \/>\nEl desarrollo econ\u00f3mico actual se ve acompa\u00f1ado de una terciarizaci\u00f3n de las actividades econ\u00f3micas, observable en la alteraci\u00f3n de la estructura de gasto de los consumidores, que refleja un progresivo aumento del consumo de servicios (productos intangibles) delante de los bienes (productos tangibles). El sector terciario tiene una importancia cada vez superior en la formaci\u00f3n del producto interior bruto y sobre la balanza de pagos de los pa\u00edses.<br \/>\n<!--more--><\/p>\n<p>Las empresas productoras de bienes y las que prestan servicios no pueden actuar en los mismos t\u00e9rminos, dado que la naturaleza y objeto de los<br \/>\nintercambios son diferentes; pero \u00bfC\u00f3mo se internacionalizan los servicios? \u00bfC\u00f3mo lo est\u00e1n haciendo las empresas m\u00e1s adelantadas en este campo? \u00bfCu\u00e1les son los primeros pasos a dar?<\/p>\n<p>P R O G R A M A<br \/>\n09:00 Recepci\u00f3n de asistentes<\/p>\n<p>09:15 Presentaci\u00f3n<br \/>\nSr. D. Ignacio Gonz\u00e1lez Mart\u00edn<br \/>\nPresidente de la C\u00e1mara de Comercio, Industria y Navegaci\u00f3n de S\/C de Tenerife<br \/>\nSr. D. Antonio Est\u00e9vez Mar\u00edn<br \/>\nDirector Territorial de Comercio y Delegado del ICEX en Santa Cruz de Tenerife<\/p>\n<p>09:30 Introducci\u00f3n<br \/>\n\u2022 Bienes vs. servicios<br \/>\n\u2022 Caracter\u00edsticas de los servicios<br \/>\n\u2022 La importancia del comercio de servicios<\/p>\n<p>10:15 La OMC: Acuerdo General Sobre El Comercio De Servicios<\/p>\n<p>10:30 Quiero Exportar mis servicios \u00bfPor d\u00f3nde empiezo?<br \/>\n\u2022 Ciclo de vida de los servicios.<br \/>\n\u2022 Retos de la exportaci\u00f3n.<\/p>\n<p>11:00 Pausa<\/p>\n<p>11:15 Marketing internacional para los Servicios y creaci\u00f3n de imagen<br \/>\nde marca internacional<\/p>\n<p>11:45 Satisfacci\u00f3n del cliente en servicios internacionales<\/p>\n<p>12:15 Fiscalidad: El IVA en la exportaci\u00f3n de servicios<\/p>\n<p>12:45 Experiencia empresarial de empresas PIPE:<br \/>\nSr. D. Francisco Caballero.<br \/>\nNIVARIA INNOVA<br \/>\nSr. D. Javier Bello<br \/>\nBLEX IDEAS<br \/>\nSr. D.Benjam\u00edn Eche<br \/>\nAEM\u00d3N O7 OCEANOGR\u00c1FICO 13:30 Coloquio<\/p>\n<p>13:45 Clausura<\/p>\n<p>Ponente: Jos\u00e9 Luis Cabo &#8211; Director de Barnamarketing-Grupo Integral<\/p>\n<p>Lugar de celebraci\u00f3n:<br \/>\nC\u00e1mara de Comercio, Industria y Navegaci\u00f3n de Santa Cruz de Tenerife<br \/>\nPl. De la Candelaria, 6, 2\u00aa Planta, Sal\u00f3n de Actos. 38003 \u2013 S\/C de Tenerife<\/p>\n<p>Informaci\u00f3n e inscripciones:<br \/>\n\u2022 Direcci\u00f3n Territorial de Comercio \u2013 ICEX en Santa Cruz de Tenerife<br \/>\n\u2022 Tel.:922.534.019\/ 922.534.017 (de L a V 8:00 a 14:00) \/902.34.90.00 (de L a V de 8:00 a 20 horas)<\/p>\n<p>\u2022 Email: <a href=\"mailto:tenerife@comercio.mityc.es\">tenerife@comercio.mityc.es<\/a> Indicando: Raz\u00f3n social de la Empresa, domicilio, CP, tel\u00e9fono,fax, e-mail, sector de actividad, nombres y apellidos de los asistentes y cargo.<\/p>\n","protected":false},"excerpt":{"rendered":"<p>30 de junio &#8211; Santa Cruz de Tenerife El desarrollo econ\u00f3mico actual se ve acompa\u00f1ado de una terciarizaci\u00f3n de las actividades econ\u00f3micas, observable en la alteraci\u00f3n de la estructura de gasto de los consumidores, que refleja un progresivo aumento del<span class=\"ellipsis\">&hellip;<\/span><\/p>\n<div class=\"read-more\"><a href=\"https:\/\/www.exportapymes.com\/comercio-exterior-america-esp\/exportacion-de-servicios\/\">Leer m&aacute;s &#8250;<\/a><\/div>\n<p><!-- end of .read-more --><\/p>\n","protected":false},"author":1,"featured_media":0,"comment_status":"open","ping_status":"open","sticky":false,"template":"","format":"standard","meta":{"footnotes":""},"categories":[30,24,59,32,38],"tags":[],"class_list":["post-2272","post","type-post","status-publish","format-standard","hentry","category-comercio-exterior","category-exportacion","category-exportacion-de-servicios","category-exportar","category-instituto-espanol-de-comercio-exterior"],"_links":{"self":[{"href":"https:\/\/www.exportapymes.com\/comercio-exterior-america-esp\/wp-json\/wp\/v2\/posts\/2272","targetHints":{"allow":["GET"]}}],"collection":[{"href":"https:\/\/www.exportapymes.com\/comercio-exterior-america-esp\/wp-json\/wp\/v2\/posts"}],"about":[{"href":"https:\/\/www.exportapymes.com\/comercio-exterior-america-esp\/wp-json\/wp\/v2\/types\/post"}],"author":[{"embeddable":true,"href":"https:\/\/www.exportapymes.com\/comercio-exterior-america-esp\/wp-json\/wp\/v2\/users\/1"}],"replies":[{"embeddable":true,"href":"https:\/\/www.exportapymes.com\/comercio-exterior-america-esp\/wp-json\/wp\/v2\/comments?post=2272"}],"version-history":[{"count":2,"href":"https:\/\/www.exportapymes.com\/comercio-exterior-america-esp\/wp-json\/wp\/v2\/posts\/2272\/revisions"}],"predecessor-version":[{"id":2274,"href":"https:\/\/www.exportapymes.com\/comercio-exterior-america-esp\/wp-json\/wp\/v2\/posts\/2272\/revisions\/2274"}],"wp:attachment":[{"href":"https:\/\/www.exportapymes.com\/comercio-exterior-america-esp\/wp-json\/wp\/v2\/media?parent=2272"}],"wp:term":[{"taxonomy":"category","embeddable":true,"href":"https:\/\/www.exportapymes.com\/comercio-exterior-america-esp\/wp-json\/wp\/v2\/categories?post=2272"},{"taxonomy":"post_tag","embeddable":true,"href":"https:\/\/www.exportapymes.com\/comercio-exterior-america-esp\/wp-json\/wp\/v2\/tags?post=2272"}],"curies":[{"name":"wp","href":"https:\/\/api.w.org\/{rel}","templated":true}]}}