{"id":229,"date":"2006-04-02T12:15:38","date_gmt":"2006-04-02T19:15:38","guid":{"rendered":"http:\/\/www.exportapymes.com\/comercio-exterior-america-esp\/la-oportunidad-de-internacionalizacion-a-traves-de-la-participacion-en-licitaciones-internacionales\/"},"modified":"2006-04-02T12:15:38","modified_gmt":"2006-04-02T19:15:38","slug":"la-oportunidad-de-internacionalizacion-a-traves-de-la-participacion-en-licitaciones-internacionales","status":"publish","type":"post","link":"https:\/\/www.exportapymes.com\/comercio-exterior-america-esp\/la-oportunidad-de-internacionalizacion-a-traves-de-la-participacion-en-licitaciones-internacionales\/","title":{"rendered":"La Oportunidad de Internacionalizaci\u00f3n a trav\u00e9s de la participaci\u00f3n en licitaciones internacionales"},"content":{"rendered":"<p>La C\u00e1mara de Comercio, Industria y Navegaci\u00f3n de Valencia, en colaboraci\u00f3n con el <strong>Instituto Valenciano de la Exportaci\u00f3n, IVEX, S.A.<\/strong> organizan la Jornada &#8220;<strong>la Oportunidad de Internacionalizaci\u00f3n a trav\u00e9s de la participaci\u00f3n en licitaciones internacionales<\/strong>&#8221; que se celebrar\u00e1 el martes 4 de abril en el sal\u00f3n de Plenos de la C\u00e1mara de Comercio, situado en la Calle Poeta Querol, 15.<br \/>\n<img decoding=\"async\" src=\"http:\/\/www.exportapymes.com\/comercio-exterior-america-esp\/images\/ban\/spain.jpg\" \/><\/p>\n<p><!--more-->El objetivo de este seminario es difundir entre nuestras empresas las posibilidades de participaci\u00f3n en licitaciones, concursos o proyectos internacionales.<\/p>\n<p>Anualmente las instituciones financieras multilaterales dedican unos de 45.000 millones de euros a la financiaci\u00f3n de proyectos de todo tipo. Este enorme mercado representa oportunidades de negocio en tres frentes: <strong>consultor\u00eda<\/strong>, suministros y obras civiles.<\/p>\n<p>A ello hay que a\u00f1adir muchos programas de la Uni\u00f3n Europea, que aunque no sean estrictamente licitaciones, tienen el objetivo de fomentar la cooperaci\u00f3n empresarial internacional y por cuyos fondos, en cualquier caso, tambi\u00e9n hay que concursar y competir.<\/p>\n<p><em>PROGRAMA<\/em><\/p>\n<p>10:00 h. Recepci\u00f3n de asistentes y entrega de documentaci\u00f3n<\/p>\n<p>10:30 h. Bienvenida<br \/>\nExcmo. Sr. Arturo Virosque, Presidente de la C\u00e1mara Oficial de Comercio, Industria y Navegaci\u00f3n de Valencia<\/p>\n<p>10:45 h. La participaci\u00f3n en licitaciones internacionales: introducci\u00f3n<br \/>\nVicente Momp\u00f3, C\u00e1mara Oficial de Comercio, Industria y Navegaci\u00f3n de Valencia<\/p>\n<p>11:00 h. C\u00f3mo pueden acceder las empresas a los concursos internacionales: el caso particular de los concursos de asistencia t\u00e9cnica licitados por instituciones financieras multilaterales<br \/>\nManuel Alonso, EURADIA Consultores<\/p>\n<p>12:00 h. Presentaci\u00f3n del caso de un consorcio entre consultoras para participar en concursos y licitaciones internacionales<br \/>\nCristina Gonz\u00e1lez, Gabinete Hispano de Ingenier\u00eda AIE<\/p>\n<p>12:45 h. Mesa redonda: experiencia empresarial de participaci\u00f3n en concursos internacionales<br \/>\n&#8211; La Maquinista Valenciana SA<br \/>\n&#8211; Cales Pascual SA<br \/>\n&#8211; Ambienta SL<\/p>\n<p>13:45 h. Programa de Asesoramiento a Empresas para participar en Licitaciones Internacionales<br \/>\nCristina Vill\u00f3, IVEX<\/p>\n<p>14:00 h. Coloquio y Clausura<\/p>\n<p>REMITIR AL EURO INFO CENTRO:<\/p>\n<p>Contacto: Silvia Navarro<br \/>\nTel: 963 103 955<br \/>\nFax: 963 531 746<br \/>\ne-mail: <a href=\"mailto:snavarro@camaravalencia.com\">snavarro@camaravalencia.com<\/a><\/p>\n<p>ASISTENCIA GRATUITA POR RIGUROSO ORDEN DE INSCRIPCION<\/p>\n","protected":false},"excerpt":{"rendered":"<p>La C\u00e1mara de Comercio, Industria y Navegaci\u00f3n de Valencia, en colaboraci\u00f3n con el Instituto Valenciano de la Exportaci\u00f3n, IVEX, S.A. organizan la Jornada &#8220;la Oportunidad de Internacionalizaci\u00f3n a trav\u00e9s de la participaci\u00f3n en licitaciones internacionales&#8221; que se celebrar\u00e1 el martes<span class=\"ellipsis\">&hellip;<\/span><\/p>\n<div class=\"read-more\"><a href=\"https:\/\/www.exportapymes.com\/comercio-exterior-america-esp\/la-oportunidad-de-internacionalizacion-a-traves-de-la-participacion-en-licitaciones-internacionales\/\">Leer m&aacute;s &#8250;<\/a><\/div>\n<p><!-- end of .read-more --><\/p>\n","protected":false},"author":1,"featured_media":0,"comment_status":"open","ping_status":"open","sticky":false,"template":"","format":"standard","meta":{"footnotes":""},"categories":[22],"tags":[],"class_list":["post-229","post","type-post","status-publish","format-standard","hentry","category-espana"],"_links":{"self":[{"href":"https:\/\/www.exportapymes.com\/comercio-exterior-america-esp\/wp-json\/wp\/v2\/posts\/229","targetHints":{"allow":["GET"]}}],"collection":[{"href":"https:\/\/www.exportapymes.com\/comercio-exterior-america-esp\/wp-json\/wp\/v2\/posts"}],"about":[{"href":"https:\/\/www.exportapymes.com\/comercio-exterior-america-esp\/wp-json\/wp\/v2\/types\/post"}],"author":[{"embeddable":true,"href":"https:\/\/www.exportapymes.com\/comercio-exterior-america-esp\/wp-json\/wp\/v2\/users\/1"}],"replies":[{"embeddable":true,"href":"https:\/\/www.exportapymes.com\/comercio-exterior-america-esp\/wp-json\/wp\/v2\/comments?post=229"}],"version-history":[{"count":0,"href":"https:\/\/www.exportapymes.com\/comercio-exterior-america-esp\/wp-json\/wp\/v2\/posts\/229\/revisions"}],"wp:attachment":[{"href":"https:\/\/www.exportapymes.com\/comercio-exterior-america-esp\/wp-json\/wp\/v2\/media?parent=229"}],"wp:term":[{"taxonomy":"category","embeddable":true,"href":"https:\/\/www.exportapymes.com\/comercio-exterior-america-esp\/wp-json\/wp\/v2\/categories?post=229"},{"taxonomy":"post_tag","embeddable":true,"href":"https:\/\/www.exportapymes.com\/comercio-exterior-america-esp\/wp-json\/wp\/v2\/tags?post=229"}],"curies":[{"name":"wp","href":"https:\/\/api.w.org\/{rel}","templated":true}]}}