{"id":2308,"date":"2010-10-14T11:03:28","date_gmt":"2010-10-14T18:03:28","guid":{"rendered":"http:\/\/www.exportapymes.com\/comercio-exterior-america-esp\/?p=2308"},"modified":"2010-10-14T11:03:29","modified_gmt":"2010-10-14T18:03:29","slug":"internacionalizacion-de-empresas-de-servicios","status":"publish","type":"post","link":"https:\/\/www.exportapymes.com\/comercio-exterior-america-esp\/internacionalizacion-de-empresas-de-servicios\/","title":{"rendered":"Internacionalizaci\u00f3n de Empresas de Servicios"},"content":{"rendered":"<p><img loading=\"lazy\" decoding=\"async\" class=\"alignnone\" src=\"http:\/\/www.exportapymes.com\/comercio-exterior-america-esp\/images\/prochile.jpg\" alt=\"\" width=\"149\" height=\"42\" \/><br \/>\nOrganizadas por <strong>ProChile<\/strong>, el 1er Ciclo de Charlas &#8220;<strong>Internacionalizaci\u00f3n de Empresas de Servicios<\/strong>&#8220;, estar\u00e1n enfocadas en  Colombia y Per\u00fa y se realizar\u00e1n entre los d\u00edas 20 al 28 de octubre en la Universidad Mayor. Las charlas tienen el fin de proporcionar a los<strong> exportadores de servicios<\/strong> los conocimientos y herramientas necesarias en los temas cr\u00edticos para su negocio, tales como aspectos tributarios, legales y comerciales, y est\u00e1n<\/p>\n<p><!--more--> dirigidas a directores, gerentes generales, gerentes de desarrollo de nuevos negocios, gerentes internacionales, gerentes comerciales y gerentes financieros.<\/p>\n<p>El contenido del ciclo incluir\u00e1 los siguientes 2 m\u00f3dulos, que se impartir\u00e1n entre las  8:30 a 12:30 en 2 d\u00edas seguidos por pa\u00eds:<\/p>\n<p>Colombia : 20 y 21 de octubre<br \/>\nPer\u00fa : 27 y 28 de octubre<\/p>\n<p>El programa incluye:<\/p>\n<p>&#8594; D\u00eda 1 &#8211; 8:30 a 11:30 hrs.<br \/>\n:: &#8220;Estrategia para la Optimizaci\u00f3n de la Carga Tributaria&#8221;<\/p>\n<p>&#8594; D\u00eda 2 &#8211; 8:30 a 12:30 hrs.<br \/>\n:: &#8220;Aspectos Legales y de Gobierno Corporativo&#8221;<br \/>\n:: &#8220;Claves para la Comercializaci\u00f3n de Servicios en el Exterior&#8221;<br \/>\n:: &#8220;Caso Pr\u00e1ctico&#8221;<\/p>\n<p>Inscripciones:<br \/>\n<a href=\"mailto:vtramer@prochile.cl\">vtramer@prochile.cl<\/a><\/p>\n","protected":false},"excerpt":{"rendered":"<p>Organizadas por ProChile, el 1er Ciclo de Charlas &#8220;Internacionalizaci\u00f3n de Empresas de Servicios&#8220;, estar\u00e1n enfocadas en Colombia y Per\u00fa y se realizar\u00e1n entre los d\u00edas 20 al 28 de octubre en la Universidad Mayor. Las charlas tienen el fin de<span class=\"ellipsis\">&hellip;<\/span><\/p>\n<div class=\"read-more\"><a href=\"https:\/\/www.exportapymes.com\/comercio-exterior-america-esp\/internacionalizacion-de-empresas-de-servicios\/\">Leer m&aacute;s &#8250;<\/a><\/div>\n<p><!-- end of .read-more --><\/p>\n","protected":false},"author":1,"featured_media":0,"comment_status":"open","ping_status":"open","sticky":false,"template":"","format":"standard","meta":{"footnotes":""},"categories":[28,4,30,24,59,25,40,27],"tags":[],"class_list":["post-2308","post","type-post","status-publish","format-standard","hentry","category-capacitacion","category-chile","category-comercio-exterior","category-exportacion","category-exportacion-de-servicios","category-internacionalizacion","category-prochile","category-pymes"],"_links":{"self":[{"href":"https:\/\/www.exportapymes.com\/comercio-exterior-america-esp\/wp-json\/wp\/v2\/posts\/2308","targetHints":{"allow":["GET"]}}],"collection":[{"href":"https:\/\/www.exportapymes.com\/comercio-exterior-america-esp\/wp-json\/wp\/v2\/posts"}],"about":[{"href":"https:\/\/www.exportapymes.com\/comercio-exterior-america-esp\/wp-json\/wp\/v2\/types\/post"}],"author":[{"embeddable":true,"href":"https:\/\/www.exportapymes.com\/comercio-exterior-america-esp\/wp-json\/wp\/v2\/users\/1"}],"replies":[{"embeddable":true,"href":"https:\/\/www.exportapymes.com\/comercio-exterior-america-esp\/wp-json\/wp\/v2\/comments?post=2308"}],"version-history":[{"count":2,"href":"https:\/\/www.exportapymes.com\/comercio-exterior-america-esp\/wp-json\/wp\/v2\/posts\/2308\/revisions"}],"predecessor-version":[{"id":2310,"href":"https:\/\/www.exportapymes.com\/comercio-exterior-america-esp\/wp-json\/wp\/v2\/posts\/2308\/revisions\/2310"}],"wp:attachment":[{"href":"https:\/\/www.exportapymes.com\/comercio-exterior-america-esp\/wp-json\/wp\/v2\/media?parent=2308"}],"wp:term":[{"taxonomy":"category","embeddable":true,"href":"https:\/\/www.exportapymes.com\/comercio-exterior-america-esp\/wp-json\/wp\/v2\/categories?post=2308"},{"taxonomy":"post_tag","embeddable":true,"href":"https:\/\/www.exportapymes.com\/comercio-exterior-america-esp\/wp-json\/wp\/v2\/tags?post=2308"}],"curies":[{"name":"wp","href":"https:\/\/api.w.org\/{rel}","templated":true}]}}