{"id":2326,"date":"2010-11-17T13:54:03","date_gmt":"2010-11-17T20:54:03","guid":{"rendered":"http:\/\/www.exportapymes.com\/comercio-exterior-america-esp\/?p=2326"},"modified":"2010-11-17T13:54:03","modified_gmt":"2010-11-17T20:54:03","slug":"la-promocion-de-la-exportacion-de-servicios","status":"publish","type":"post","link":"https:\/\/www.exportapymes.com\/comercio-exterior-america-esp\/la-promocion-de-la-exportacion-de-servicios\/","title":{"rendered":"La promoci\u00f3n de la exportaci\u00f3n de servicios"},"content":{"rendered":"<p><img loading=\"lazy\" decoding=\"async\" class=\"alignnone\" src=\"http:\/\/www.exportapymes.com\/comercio-exterior-america-esp\/images\/prochile.jpg\" alt=\"\" width=\"149\" height=\"42\" \/><br \/>\n<em>24 de noviembre &#8211; Vi\u00f1a del Mar<\/em><br \/>\n<strong>ProChile<\/strong> y la<strong> Red Iberoamericana de Organizaciones de Promoci\u00f3n de Exportaciones (REDIBERO)<\/strong>, que agrupa a 22 organismos de la regi\u00f3n iberoamericana, le invitan a participar en el seminario &#8220;<strong>El Desaf\u00edo de la Promoci\u00f3n de Exportaciones de Servicios<\/strong>&#8220;, que abordar\u00e1 las<br \/>\n<!--more-->experiencias adquiridas y los requerimientos necesarios para la promoci\u00f3n del comercio de servicios, en el marco de la XII Reuni\u00f3n Anual de la Red.<\/p>\n<p>El seminario se realizar\u00e1 el mi\u00e9rcoles 24 de noviembre 2010 a las 14:30 hrs. en el Hotel San Mart\u00edn de Vi\u00f1a del Mar &#8211; Av. San Mart\u00edn N\u00b0667 &#8211; sal\u00f3n Grove.<\/p>\n<p><em>Inscripcione<\/em>s:<br \/>\nEnviar formulario de inscripci\u00f3n (<a href=\"http:\/\/www.prochile.cl\/difusion\/redibero_2010\/inscripcion.doc\" target=\"_blank\">descargar aqu\u00ed<\/a>) al email <a href=\"mailto:seminarioredibero@prochile.cl\">seminarioredibero@prochile.cl<\/a> antes del lunes 22 de noviembre.<\/p>\n","protected":false},"excerpt":{"rendered":"<p>24 de noviembre &#8211; Vi\u00f1a del Mar ProChile y la Red Iberoamericana de Organizaciones de Promoci\u00f3n de Exportaciones (REDIBERO), que agrupa a 22 organismos de la regi\u00f3n iberoamericana, le invitan a participar en el seminario &#8220;El Desaf\u00edo de la Promoci\u00f3n<span class=\"ellipsis\">&hellip;<\/span><\/p>\n<div class=\"read-more\"><a href=\"https:\/\/www.exportapymes.com\/comercio-exterior-america-esp\/la-promocion-de-la-exportacion-de-servicios\/\">Leer m&aacute;s &#8250;<\/a><\/div>\n<p><!-- end of .read-more --><\/p>\n","protected":false},"author":1,"featured_media":0,"comment_status":"open","ping_status":"open","sticky":false,"template":"","format":"standard","meta":{"footnotes":""},"categories":[30,24,59,32,25,29,40,27],"tags":[],"class_list":["post-2326","post","type-post","status-publish","format-standard","hentry","category-comercio-exterior","category-exportacion","category-exportacion-de-servicios","category-exportar","category-internacionalizacion","category-mipymes","category-prochile","category-pymes"],"_links":{"self":[{"href":"https:\/\/www.exportapymes.com\/comercio-exterior-america-esp\/wp-json\/wp\/v2\/posts\/2326","targetHints":{"allow":["GET"]}}],"collection":[{"href":"https:\/\/www.exportapymes.com\/comercio-exterior-america-esp\/wp-json\/wp\/v2\/posts"}],"about":[{"href":"https:\/\/www.exportapymes.com\/comercio-exterior-america-esp\/wp-json\/wp\/v2\/types\/post"}],"author":[{"embeddable":true,"href":"https:\/\/www.exportapymes.com\/comercio-exterior-america-esp\/wp-json\/wp\/v2\/users\/1"}],"replies":[{"embeddable":true,"href":"https:\/\/www.exportapymes.com\/comercio-exterior-america-esp\/wp-json\/wp\/v2\/comments?post=2326"}],"version-history":[{"count":2,"href":"https:\/\/www.exportapymes.com\/comercio-exterior-america-esp\/wp-json\/wp\/v2\/posts\/2326\/revisions"}],"predecessor-version":[{"id":2328,"href":"https:\/\/www.exportapymes.com\/comercio-exterior-america-esp\/wp-json\/wp\/v2\/posts\/2326\/revisions\/2328"}],"wp:attachment":[{"href":"https:\/\/www.exportapymes.com\/comercio-exterior-america-esp\/wp-json\/wp\/v2\/media?parent=2326"}],"wp:term":[{"taxonomy":"category","embeddable":true,"href":"https:\/\/www.exportapymes.com\/comercio-exterior-america-esp\/wp-json\/wp\/v2\/categories?post=2326"},{"taxonomy":"post_tag","embeddable":true,"href":"https:\/\/www.exportapymes.com\/comercio-exterior-america-esp\/wp-json\/wp\/v2\/tags?post=2326"}],"curies":[{"name":"wp","href":"https:\/\/api.w.org\/{rel}","templated":true}]}}