{"id":2382,"date":"2011-05-18T14:10:32","date_gmt":"2011-05-18T21:10:32","guid":{"rendered":"http:\/\/www.exportapymes.com\/comercio-exterior-america-esp\/?p=2382"},"modified":"2011-05-18T14:11:51","modified_gmt":"2011-05-18T21:11:51","slug":"branding-para-pymes-chilenas","status":"publish","type":"post","link":"https:\/\/www.exportapymes.com\/comercio-exterior-america-esp\/branding-para-pymes-chilenas\/","title":{"rendered":"Branding para PyMEs chilenas"},"content":{"rendered":"<p style=\"text-align: center;\"><img loading=\"lazy\" decoding=\"async\" class=\"alignnone\" title=\"Branding PyMEs\" src=\"http:\/\/www.exportapymes.com\/comercio-exterior-america-esp\/images\/pyme\/pymes-branding-prochile.jpg\" alt=\"\" width=\"130\" height=\"120\" \/><\/p>\n<p><strong>ProChile<\/strong>, con el apoyo de la Universidad Central, y con el objetivo de <strong>apoyar la internacionalizaci\u00f3n de 300 PyMEs chilenas<\/strong>, se encuentra organizando el <strong>Curso de Formaci\u00f3n Chile Branding<\/strong>, que entre el 24 de junio y el 9 de septiembre, pondr\u00e1 a disposici\u00f3n de las empresas nacionales las \u00faltimas tendencias de posicionamiento de marca utilizadas en los mercados m\u00e1s influyentes del mundo.<br \/>\n<!--more--><br \/>\nCon la expectativa de constituirse en una herramienta efectiva de apoyo a la gesti\u00f3n de marca y de posicionamiento internacional de <strong>pymes chilenas,<\/strong> el Curso de Formaci\u00f3n Chile Branding organizado por <strong>ProChile<\/strong> con el apoyo de la Universidad Central, potenciar\u00e1 los conocimientos y habilidades de altos ejecutivos de<strong> pymes chilenas<\/strong> en materias relativas a estrategias de negocio internacional y gesti\u00f3n de marca.<\/p>\n<p>Desde el 24 de junio y hasta el 9 de septiembre, los empresarios nacionales tendr\u00e1n la oportunidad de presenciar exposiciones de reconocidos expertos en gesti\u00f3n de marca que dar\u00e1n a conocer los principales desaf\u00edos para la internacionalizaci\u00f3n de las empresas chilenas, la importancia de la diferenciaci\u00f3n, el valor agregado en los productos y servicios, la protecci\u00f3n de la propiedad industrial, entre otros temas.<\/p>\n<p>Chile Branding se realizar\u00e1 en tres ciudades del pa\u00eds: La Serena, Santiago y Concepci\u00f3n, con una duraci\u00f3n de 24 horas, impartidas en tres jornadas presenciales (una por mes) de ocho horas cada una, complementadas con ocho horas de e-learning. \u201cDestacar en un mundo comercial muy competitivo es el desaf\u00edo que enfrentan a diario los exportadores. Mercados cada vez m\u00e1s desarrollados, consumidores m\u00e1s exigentes y una globalizaci\u00f3n que impacta en todas las \u00e1reas de la sociedad, son parte del contexto actual en el que se deben desenvolver nuestros exportadores. Es por eso, que a trav\u00e9s de esta iniciativa, queremos contribuir con herramientas diferenciadoras que permitan a nuestras <strong>Pymes <\/strong>potenciar sus atributos y virtudes para competir mejor en los mercados m\u00e1s exigentes del mundo\u201d, se\u00f1al\u00f3 F\u00e9lix de Vicente, Director de ProChile.<\/p>\n<p>Tras su paso por Santiago, Chile Branding continuar\u00e1 su recorrido hacia las ciudades de La Serena y Concepci\u00f3n donde se espera la asistencia de cien empresas que buscar\u00e1n en esta iniciativa una oportunidad para competir en un mercado cada vez m\u00e1s competitivo, donde la diferenciaci\u00f3n y la manera en que se presentan ante sus actuales y potenciales clientes, resulta fundamental.<\/p>\n<p><em>ProChile y las Marcas Sectoriales<\/em><br \/>\nEn el marco de su labor como promotor del comercio exterior, ProChile apoya el desarrollo y la gesti\u00f3n de marcas de sectores productivos chilenos relevantes y representativos, quienes a trav\u00e9s de una imagen y estrategia com\u00fan, realizan acciones de posicionamiento en el extranjero. Esta actividad obedece a un trabajo conjunto p\u00fablico privado, que espera convertirse en una herramienta efectiva de internacionalizaci\u00f3n de las <strong>Pymes<\/strong> participantes a trav\u00e9s del desarrollo de sus marcas.<\/p>\n<p>Actualmente, existen 17 sectores productivos nacionales trabajando bajo el alero de Marcas Sectoriales. Son 20 Asociaciones gremiales y corporaciones y 2.800 empresas, lo que constituye una inversi\u00f3n p\u00fablico-privada de m\u00e1s de 11.850 millones de pesos.<\/p>\n<p>M\u00e1s informaci\u00f3n: <a href=\"http:\/\/www.prochile.cl\" target=\"_blank\">www.prochile.cl<\/a> | <a href=\"http:\/\/www.chilebranding.cl\" target=\"_blank\">www.chilebranding.cl<\/a><\/p>\n","protected":false},"excerpt":{"rendered":"<p>ProChile, con el apoyo de la Universidad Central, y con el objetivo de apoyar la internacionalizaci\u00f3n de 300 PyMEs chilenas, se encuentra organizando el Curso de Formaci\u00f3n Chile Branding, que entre el 24 de junio y el 9 de septiembre,<span class=\"ellipsis\">&hellip;<\/span><\/p>\n<div class=\"read-more\"><a href=\"https:\/\/www.exportapymes.com\/comercio-exterior-america-esp\/branding-para-pymes-chilenas\/\">Leer m&aacute;s &#8250;<\/a><\/div>\n<p><!-- end of .read-more --><\/p>\n","protected":false},"author":1,"featured_media":0,"comment_status":"open","ping_status":"open","sticky":false,"template":"","format":"standard","meta":{"footnotes":""},"categories":[28,4,30,25,29,27,49],"tags":[],"class_list":["post-2382","post","type-post","status-publish","format-standard","hentry","category-capacitacion","category-chile","category-comercio-exterior","category-internacionalizacion","category-mipymes","category-pymes","category-pymex"],"_links":{"self":[{"href":"https:\/\/www.exportapymes.com\/comercio-exterior-america-esp\/wp-json\/wp\/v2\/posts\/2382","targetHints":{"allow":["GET"]}}],"collection":[{"href":"https:\/\/www.exportapymes.com\/comercio-exterior-america-esp\/wp-json\/wp\/v2\/posts"}],"about":[{"href":"https:\/\/www.exportapymes.com\/comercio-exterior-america-esp\/wp-json\/wp\/v2\/types\/post"}],"author":[{"embeddable":true,"href":"https:\/\/www.exportapymes.com\/comercio-exterior-america-esp\/wp-json\/wp\/v2\/users\/1"}],"replies":[{"embeddable":true,"href":"https:\/\/www.exportapymes.com\/comercio-exterior-america-esp\/wp-json\/wp\/v2\/comments?post=2382"}],"version-history":[{"count":3,"href":"https:\/\/www.exportapymes.com\/comercio-exterior-america-esp\/wp-json\/wp\/v2\/posts\/2382\/revisions"}],"predecessor-version":[{"id":2384,"href":"https:\/\/www.exportapymes.com\/comercio-exterior-america-esp\/wp-json\/wp\/v2\/posts\/2382\/revisions\/2384"}],"wp:attachment":[{"href":"https:\/\/www.exportapymes.com\/comercio-exterior-america-esp\/wp-json\/wp\/v2\/media?parent=2382"}],"wp:term":[{"taxonomy":"category","embeddable":true,"href":"https:\/\/www.exportapymes.com\/comercio-exterior-america-esp\/wp-json\/wp\/v2\/categories?post=2382"},{"taxonomy":"post_tag","embeddable":true,"href":"https:\/\/www.exportapymes.com\/comercio-exterior-america-esp\/wp-json\/wp\/v2\/tags?post=2382"}],"curies":[{"name":"wp","href":"https:\/\/api.w.org\/{rel}","templated":true}]}}