{"id":239,"date":"2006-04-02T14:26:58","date_gmt":"2006-04-02T21:26:58","guid":{"rendered":"http:\/\/www.exportapymes.com\/comercio-exterior-america-esp\/plan-nacional-de-exportacion-del-paraguay-desarrolla-mesas-sectoriales\/"},"modified":"2006-04-02T14:26:58","modified_gmt":"2006-04-02T21:26:58","slug":"plan-nacional-de-exportacion-del-paraguay-desarrolla-mesas-sectoriales","status":"publish","type":"post","link":"https:\/\/www.exportapymes.com\/comercio-exterior-america-esp\/plan-nacional-de-exportacion-del-paraguay-desarrolla-mesas-sectoriales\/","title":{"rendered":"Plan Nacional de Exportaci\u00f3n del Paraguay, desarrolla mesas sectoriales"},"content":{"rendered":"<p>La generaci\u00f3n de mesas sectoriales, conjuntamente con el sector privado, es una de las maneras <strong>claves para aprovechar las oportunidades del mercado internacional<\/strong>, se\u00f1al\u00f3 a su turno el director general de la<strong> Red de Inversiones y Exportaciones (Rediex)<\/strong>, V\u00edctor Varela Allegretti.<br \/>\n<img decoding=\"async\" src=\"http:\/\/www.exportapymes.com\/comercio-exterior-america-esp\/images\/ban\/paraguay.jpg\" \/>   &#8220;Estamos desarrollando a trav\u00e9s del<strong> Plan Nacional de Exportaci\u00f3n<\/strong> las mesas sectoriales, por esa raz\u00f3n es que creemos que vamos a <!--more-->ir superando las barreras de mediterraneidad que nos encierran -inclusive mentalmente- para <strong>competir afuera<\/strong>. Con los trabajos que se hacen en estos sectores bien identificados creemos que vamos a superar primero la calidad y tambi\u00e9n la cantidad en productos&#8221;, expres\u00f3.<\/p>\n<p>Rediex ha logrado instalar hasta ahora cuatro mesas sectoriales: carne y cuero, software, turismo y la cadena algod\u00f3n-textil y confecciones. Los primeros d\u00edas de abril se crear\u00e1 la mesa de la madera, con la que se buscar\u00e1 impulsar fuertemente inversiones en reforestaci\u00f3n.<\/p>\n<p>Preguntado si hay alg\u00fan avance en materia de transporte, porque el problema siempre ha sido de log\u00edstica, el ministro Ra\u00fal Vera retom\u00f3 la palabra y manifest\u00f3 que se iniciaron tambi\u00e9n conversiones de forma tal a concluir un acuerdo sobre transporte a\u00e9reo con las autoridades de M\u00e9xico.<\/p>\n<p>&#8220;Inclusive hemos tenido una reuni\u00f3n con la firma Mexicana de Aviaci\u00f3n, a la que hemos hecho la descripci\u00f3n de las caracter\u00edsticas de nuestro mercado, la infraestructura que tenemos, de las inversiones que est\u00e1 realizando la DINAC, con el fin de hacer m\u00e1s competitivos los aeropuertos&#8221;, record\u00f3.<\/p>\n<p>A\u00f1adi\u00f3 que hablaron con los mexicanos sobre las oportunidades que implica la conformaci\u00f3n de un eventual sistema de distribuci\u00f3n de cargas en la regi\u00f3n, dado que a 2.000 kil\u00f3metros a la redonda nuestro mercado de 6.000.000 de personas aumenta a 192.000.000. ABC<\/p>\n","protected":false},"excerpt":{"rendered":"<p>La generaci\u00f3n de mesas sectoriales, conjuntamente con el sector privado, es una de las maneras claves para aprovechar las oportunidades del mercado internacional, se\u00f1al\u00f3 a su turno el director general de la Red de Inversiones y Exportaciones (Rediex), V\u00edctor Varela<span class=\"ellipsis\">&hellip;<\/span><\/p>\n<div class=\"read-more\"><a href=\"https:\/\/www.exportapymes.com\/comercio-exterior-america-esp\/plan-nacional-de-exportacion-del-paraguay-desarrolla-mesas-sectoriales\/\">Leer m&aacute;s &#8250;<\/a><\/div>\n<p><!-- end of .read-more --><\/p>\n","protected":false},"author":1,"featured_media":0,"comment_status":"open","ping_status":"open","sticky":false,"template":"","format":"standard","meta":{"footnotes":""},"categories":[16],"tags":[],"class_list":["post-239","post","type-post","status-publish","format-standard","hentry","category-paraguay"],"_links":{"self":[{"href":"https:\/\/www.exportapymes.com\/comercio-exterior-america-esp\/wp-json\/wp\/v2\/posts\/239","targetHints":{"allow":["GET"]}}],"collection":[{"href":"https:\/\/www.exportapymes.com\/comercio-exterior-america-esp\/wp-json\/wp\/v2\/posts"}],"about":[{"href":"https:\/\/www.exportapymes.com\/comercio-exterior-america-esp\/wp-json\/wp\/v2\/types\/post"}],"author":[{"embeddable":true,"href":"https:\/\/www.exportapymes.com\/comercio-exterior-america-esp\/wp-json\/wp\/v2\/users\/1"}],"replies":[{"embeddable":true,"href":"https:\/\/www.exportapymes.com\/comercio-exterior-america-esp\/wp-json\/wp\/v2\/comments?post=239"}],"version-history":[{"count":0,"href":"https:\/\/www.exportapymes.com\/comercio-exterior-america-esp\/wp-json\/wp\/v2\/posts\/239\/revisions"}],"wp:attachment":[{"href":"https:\/\/www.exportapymes.com\/comercio-exterior-america-esp\/wp-json\/wp\/v2\/media?parent=239"}],"wp:term":[{"taxonomy":"category","embeddable":true,"href":"https:\/\/www.exportapymes.com\/comercio-exterior-america-esp\/wp-json\/wp\/v2\/categories?post=239"},{"taxonomy":"post_tag","embeddable":true,"href":"https:\/\/www.exportapymes.com\/comercio-exterior-america-esp\/wp-json\/wp\/v2\/tags?post=239"}],"curies":[{"name":"wp","href":"https:\/\/api.w.org\/{rel}","templated":true}]}}