{"id":244,"date":"2006-04-02T15:02:51","date_gmt":"2006-04-02T22:02:51","guid":{"rendered":"http:\/\/www.exportapymes.com\/comercio-exterior-america-esp\/lanzan-en-paraguay-proyecto-de-fortalecimiento-de-competitividad-exportadora\/"},"modified":"2006-04-02T15:02:51","modified_gmt":"2006-04-02T22:02:51","slug":"lanzan-en-paraguay-proyecto-de-fortalecimiento-de-competitividad-exportadora","status":"publish","type":"post","link":"https:\/\/www.exportapymes.com\/comercio-exterior-america-esp\/lanzan-en-paraguay-proyecto-de-fortalecimiento-de-competitividad-exportadora\/","title":{"rendered":"Lanzan en Paraguay Proyecto de fortalecimiento de competitividad exportadora"},"content":{"rendered":"<p>La Secretar\u00eda T\u00e9cnica de Planificaci\u00f3n present\u00f3 esta ma\u00f1ana el <strong>proyecto de fortalecimiento de competitividad del sector exportador paraguayo<\/strong>. Su titular Miguelina G\u00f3mez de Mart\u00ednez inform\u00f3 que est\u00e1n trabajando con varias instituciones.<br \/>\n<img decoding=\"async\" src=\"http:\/\/www.exportapymes.com\/comercio-exterior-america-esp\/images\/ban\/paraguay.jpg\" \/>   Indic\u00f3 en el transcurso del a\u00f1o vendr\u00e1n al pa\u00eds 45 t\u00e9cnicos internacionales para apoyar la tarea de diferentes insituciones p\u00fablicas involucradas en el <strong>proceso de exportaci\u00f3n<\/strong>.  <!--more-->Se est\u00e1 trabajando adem\u00e1s en forma directa con los exportadores. Subray\u00f3 que como Secretaria T\u00e9cnica uno de sus objetivos fundamentales es el de trabajar en la planificaci\u00f3n de la competitividad del pa\u00eds.<\/p>\n<p>En otro momento destac\u00f3 la importancia de las fuentes operantes quienes otorgan becas que est\u00e1n a disposici\u00f3n de todos los paraguayos. \u201cDesde mi administraci\u00f3n ya hemos otorgado 114 becas para diferentes <strong>seminarios<\/strong> con los gastos totalmente pagados y estamos trabajando para que cada vez m\u00e1s se otorgue m\u00e1s cooperaci\u00f3n a nuestro pa\u00eds\u201d, concluy\u00f3. Karin Saleb. Portal Paraguayo de Noticias<\/p>\n","protected":false},"excerpt":{"rendered":"<p>La Secretar\u00eda T\u00e9cnica de Planificaci\u00f3n present\u00f3 esta ma\u00f1ana el proyecto de fortalecimiento de competitividad del sector exportador paraguayo. Su titular Miguelina G\u00f3mez de Mart\u00ednez inform\u00f3 que est\u00e1n trabajando con varias instituciones. Indic\u00f3 en el transcurso del a\u00f1o vendr\u00e1n al pa\u00eds<span class=\"ellipsis\">&hellip;<\/span><\/p>\n<div class=\"read-more\"><a href=\"https:\/\/www.exportapymes.com\/comercio-exterior-america-esp\/lanzan-en-paraguay-proyecto-de-fortalecimiento-de-competitividad-exportadora\/\">Leer m&aacute;s &#8250;<\/a><\/div>\n<p><!-- end of .read-more --><\/p>\n","protected":false},"author":1,"featured_media":0,"comment_status":"open","ping_status":"open","sticky":false,"template":"","format":"standard","meta":{"footnotes":""},"categories":[16],"tags":[],"class_list":["post-244","post","type-post","status-publish","format-standard","hentry","category-paraguay"],"_links":{"self":[{"href":"https:\/\/www.exportapymes.com\/comercio-exterior-america-esp\/wp-json\/wp\/v2\/posts\/244","targetHints":{"allow":["GET"]}}],"collection":[{"href":"https:\/\/www.exportapymes.com\/comercio-exterior-america-esp\/wp-json\/wp\/v2\/posts"}],"about":[{"href":"https:\/\/www.exportapymes.com\/comercio-exterior-america-esp\/wp-json\/wp\/v2\/types\/post"}],"author":[{"embeddable":true,"href":"https:\/\/www.exportapymes.com\/comercio-exterior-america-esp\/wp-json\/wp\/v2\/users\/1"}],"replies":[{"embeddable":true,"href":"https:\/\/www.exportapymes.com\/comercio-exterior-america-esp\/wp-json\/wp\/v2\/comments?post=244"}],"version-history":[{"count":0,"href":"https:\/\/www.exportapymes.com\/comercio-exterior-america-esp\/wp-json\/wp\/v2\/posts\/244\/revisions"}],"wp:attachment":[{"href":"https:\/\/www.exportapymes.com\/comercio-exterior-america-esp\/wp-json\/wp\/v2\/media?parent=244"}],"wp:term":[{"taxonomy":"category","embeddable":true,"href":"https:\/\/www.exportapymes.com\/comercio-exterior-america-esp\/wp-json\/wp\/v2\/categories?post=244"},{"taxonomy":"post_tag","embeddable":true,"href":"https:\/\/www.exportapymes.com\/comercio-exterior-america-esp\/wp-json\/wp\/v2\/tags?post=244"}],"curies":[{"name":"wp","href":"https:\/\/api.w.org\/{rel}","templated":true}]}}